{"id":43507,"date":"2021-11-23T06:06:57","date_gmt":"2021-11-23T05:06:57","guid":{"rendered":"https:\/\/rna.ao\/rna.ao\/?p=43507"},"modified":"2021-11-23T07:27:44","modified_gmt":"2021-11-23T06:27:44","slug":"benguela-ultima-preparativos-para-albergar-janela-qualificativa-do-mundial-de-basquetebol","status":"publish","type":"post","link":"https:\/\/rna.ao\/rna.ao\/2021\/11\/23\/benguela-ultima-preparativos-para-albergar-janela-qualificativa-do-mundial-de-basquetebol\/","title":{"rendered":"Benguela ultima preparativos para albergar janela qualificativa do mundial de basquetebol"},"content":{"rendered":"<p><img loading=\"lazy\" class=\" wp-image-43378 alignleft\" src=\"https:\/\/rna.ao\/rna.ao\/wp-content\/uploads\/2021\/11\/Tony-Sofrimento.jpg\" alt=\"\" width=\"463\" height=\"248\" \/>A corrida ao Campeonato Mundial da \u00c1sia est\u00e1 em contagem regressiva. A Prov\u00edncia de Benguela \u00e9 a partir desta sexta-feira,26 de Novembro, palco da primeira janela de apuramento ao Mundial de basquetebol, marcado para o Jap\u00e3o, Indon\u00e9sia e Filipinas. Nos bastidores, para o sucesso desta competi\u00e7\u00e3o que a cidade das &#8220;ac\u00e1cias rubras&#8221; acolhe, tudo corre na perfei\u00e7\u00e3o. A coloca\u00e7\u00e3o do cron\u00f3metro, no Pavilh\u00e3o de Matrindindi, dever\u00e1 fechar a contagem t\u00e9cnico, como confirma o membro do Comit\u00e9 Organizador, Tony Sofrimento. Clique no \u00e1udio e ou\u00e7a:<\/p>\n\t<div class=\"qtmplayer-playlist-large\">\n\t\t<ul class=\"qtmplayer-playlist\">\n\t\t\t\n\t\t\t\t\t<li class=\"qtmplayer-trackitem\">\n\t\t<img src=\"https:\/\/rna.ao\/rna.ao\/wp-content\/uploads\/2021\/11\/Tony-Sofrimento-100x100.jpg\" alt=\"cover\">\t\t<span \t\t\tdata-qtmplayer-cover=\"https:\/\/rna.ao\/rna.ao\/wp-content\/uploads\/2021\/11\/Tony-Sofrimento.jpg\"\n\t\t\t\t\t\tdata-qtmplayer-file=\"https:\/\/rna.ao\/rna.ao\/wp-content\/uploads\/2021\/11\/20H30-1-TONY-SOFRIMENTO-22-11-21.mp3\"\n\t\t\t\t\t\tdata-qtmplayer-title=\"Benguela ultima preparativos para albergar janela qualificativa do mundial de basquetebol\"\n\t\t\t\t\t\tdata-qtmplayer-artist=\"RNA\"\n\t\t\t\t\t\tdata-qtmplayer-link=\"https:\/\/rna.ao\/rna.ao\/2021\/11\/23\/benguela-ultima-preparativos-para-albergar-janela-qualificativa-do-mundial-de-basquetebol\/\"\n\t\t\t\t\t\tdata-qtmplayer-icon=\"file_download\"\n\t\t\t\t\t\tdata-qtmplayer-type=\"track\"\n\t\t\t class=\"qtmplayer-play qtmplayer-link-sec qtmplayer-play-btn\"><i class='material-icons'>play_arrow<\/i><\/span>\n\t\t<p>\n\t\t\t<span class=\"qtmplayer-tit\">Benguela ultima preparativos para albergar janela qualificativa do mundial de basquetebol<\/span>\n\t\t\t<span class=\"qtmplayer-art\">RNA<\/span>\n\t\t<\/p>\n\t<\/li>\n\t\t<\/ul>\n\t<\/div>\t\t\t\n\t\n<p>Fonte: R\u00e1dio 5\/RNA<\/p>\n","protected":false},"excerpt":{"rendered":"<p>A corrida ao Campeonato Mundial da \u00c1sia est\u00e1 em contagem regressiva. A Prov\u00edncia de Benguela \u00e9 a partir desta sexta-feira,26 de Novembro, palco da primeira janela de apuramento ao Mundial de basquetebol, marcado para o Jap\u00e3o, Indon\u00e9sia e Filipinas. Nos bastidores, para o sucesso desta competi\u00e7\u00e3o que a cidade das ...<\/p>\n","protected":false},"author":8,"featured_media":43378,"comment_status":"closed","ping_status":"closed","sticky":false,"template":"","format":"standard","meta":[],"categories":[145,125,164],"tags":[],"_links":{"self":[{"href":"https:\/\/rna.ao\/rna.ao\/wp-json\/wp\/v2\/posts\/43507"}],"collection":[{"href":"https:\/\/rna.ao\/rna.ao\/wp-json\/wp\/v2\/posts"}],"about":[{"href":"https:\/\/rna.ao\/rna.ao\/wp-json\/wp\/v2\/types\/post"}],"author":[{"embeddable":true,"href":"https:\/\/rna.ao\/rna.ao\/wp-json\/wp\/v2\/users\/8"}],"replies":[{"embeddable":true,"href":"https:\/\/rna.ao\/rna.ao\/wp-json\/wp\/v2\/comments?post=43507"}],"version-history":[{"count":1,"href":"https:\/\/rna.ao\/rna.ao\/wp-json\/wp\/v2\/posts\/43507\/revisions"}],"predecessor-version":[{"id":43513,"href":"https:\/\/rna.ao\/rna.ao\/wp-json\/wp\/v2\/posts\/43507\/revisions\/43513"}],"wp:featuredmedia":[{"embeddable":true,"href":"https:\/\/rna.ao\/rna.ao\/wp-json\/wp\/v2\/media\/43378"}],"wp:attachment":[{"href":"https:\/\/rna.ao\/rna.ao\/wp-json\/wp\/v2\/media?parent=43507"}],"wp:term":[{"taxonomy":"category","embeddable":true,"href":"https:\/\/rna.ao\/rna.ao\/wp-json\/wp\/v2\/categories?post=43507"},{"taxonomy":"post_tag","embeddable":true,"href":"https:\/\/rna.ao\/rna.ao\/wp-json\/wp\/v2\/tags?post=43507"}],"curies":[{"name":"wp","href":"https:\/\/api.w.org\/{rel}","templated":true}]}}