{"id":43359,"date":"2021-11-22T06:38:59","date_gmt":"2021-11-22T05:38:59","guid":{"rendered":"https:\/\/rna.ao\/rna.ao\/?p=43359"},"modified":"2021-11-22T06:38:59","modified_gmt":"2021-11-22T05:38:59","slug":"populacoes-do-namibe-e-huila-aguardam-expectantes-pela-retoma-da-circulacao-de-comboios-de-passageiros-do-cfm","status":"publish","type":"post","link":"https:\/\/rna.ao\/rna.ao\/2021\/11\/22\/populacoes-do-namibe-e-huila-aguardam-expectantes-pela-retoma-da-circulacao-de-comboios-de-passageiros-do-cfm\/","title":{"rendered":"Popula\u00e7\u00f5es do Namibe e Hu\u00edla aguardam expectantes pela retoma da circula\u00e7\u00e3o de comboios de passageiros do CFM"},"content":{"rendered":"<p><img loading=\"lazy\" class=\"size-full wp-image-11039 alignleft\" src=\"https:\/\/rna.ao\/rna.ao\/wp-content\/uploads\/2020\/11\/Ricardo-de-Abreu.jpg\" alt=\"\" width=\"275\" height=\"183\" \/>As popula\u00e7\u00f5es das Prov\u00edncias do Namibe e Hu\u00edla aguardam, com expectativa, o regresso da circula\u00e7\u00e3o do comboio de passageiros, dos Caminhos-de-Ferro de Mo\u00e7\u00e2medes (CFM). A opera\u00e7\u00e3o est\u00e1 suspensa, devido as restri\u00e7\u00f5es ligadas \u00e0 pandemia da Covid-19, mas, de acordo com o Ministro dos Transportes Ricardo D&#8217;Abreu, poder\u00e1 retomar em breve. Clique, no \u00e1udio abaixo, e saiba mais com o rep\u00f3rter Daniel Ndei:<\/p>\n\t<div class=\"qtmplayer-playlist-large\">\n\t\t<ul class=\"qtmplayer-playlist\">\n\t\t\t\n\t\t\t\t\t<li class=\"qtmplayer-trackitem\">\n\t\t<img src=\"https:\/\/rna.ao\/rna.ao\/wp-content\/uploads\/2020\/10\/comboio-100x100.jpg\" alt=\"cover\">\t\t<span \t\t\tdata-qtmplayer-cover=\"https:\/\/rna.ao\/rna.ao\/wp-content\/uploads\/2020\/10\/comboio.jpg\"\n\t\t\t\t\t\tdata-qtmplayer-file=\"https:\/\/rna.ao\/rna.ao\/wp-content\/uploads\/2021\/11\/NAMIBE-COMBOIO-06HRS.mp3\"\n\t\t\t\t\t\tdata-qtmplayer-title=\"Popula\u00e7\u00f5es do Namibe e Hu\u00edla aguardam expectantes pela retoma da circula\u00e7\u00e3o de comboios de passageiros do CFM\"\n\t\t\t\t\t\tdata-qtmplayer-artist=\"RNA\"\n\t\t\t\t\t\tdata-qtmplayer-link=\"https:\/\/rna.ao\/rna.ao\/2021\/11\/22\/populacoes-do-namibe-e-huila-aguardam-expectantes-pela-retoma-da-circulacao-de-comboios-de-passageiros-do-cfm\/\"\n\t\t\t\t\t\tdata-qtmplayer-icon=\"file_download\"\n\t\t\t\t\t\tdata-qtmplayer-type=\"track\"\n\t\t\t class=\"qtmplayer-play qtmplayer-link-sec qtmplayer-play-btn\"><i class='material-icons'>play_arrow<\/i><\/span>\n\t\t<p>\n\t\t\t<span class=\"qtmplayer-tit\">Popula\u00e7\u00f5es do Namibe e Hu\u00edla aguardam expectantes pela retoma da circula\u00e7\u00e3o de comboios de passageiros do CFM<\/span>\n\t\t\t<span class=\"qtmplayer-art\">RNA<\/span>\n\t\t<\/p>\n\t<\/li>\n\t\t<\/ul>\n\t<\/div>\t\t\t\n\t\n<p>Fonte: RNA<\/p>\n","protected":false},"excerpt":{"rendered":"<p>As popula\u00e7\u00f5es das Prov\u00edncias do Namibe e Hu\u00edla aguardam, com expectativa, o regresso da circula\u00e7\u00e3o do comboio de passageiros, dos Caminhos-de-Ferro de Mo\u00e7\u00e2medes (CFM). A opera\u00e7\u00e3o est\u00e1 suspensa, devido as restri\u00e7\u00f5es ligadas \u00e0 pandemia da Covid-19, mas, de acordo com o Ministro dos Transportes Ricardo D&#8217;Abreu, poder\u00e1 retomar em breve. ...<\/p>\n","protected":false},"author":8,"featured_media":9607,"comment_status":"closed","ping_status":"closed","sticky":false,"template":"","format":"standard","meta":[],"categories":[142,121,163],"tags":[],"_links":{"self":[{"href":"https:\/\/rna.ao\/rna.ao\/wp-json\/wp\/v2\/posts\/43359"}],"collection":[{"href":"https:\/\/rna.ao\/rna.ao\/wp-json\/wp\/v2\/posts"}],"about":[{"href":"https:\/\/rna.ao\/rna.ao\/wp-json\/wp\/v2\/types\/post"}],"author":[{"embeddable":true,"href":"https:\/\/rna.ao\/rna.ao\/wp-json\/wp\/v2\/users\/8"}],"replies":[{"embeddable":true,"href":"https:\/\/rna.ao\/rna.ao\/wp-json\/wp\/v2\/comments?post=43359"}],"version-history":[{"count":1,"href":"https:\/\/rna.ao\/rna.ao\/wp-json\/wp\/v2\/posts\/43359\/revisions"}],"predecessor-version":[{"id":43361,"href":"https:\/\/rna.ao\/rna.ao\/wp-json\/wp\/v2\/posts\/43359\/revisions\/43361"}],"wp:featuredmedia":[{"embeddable":true,"href":"https:\/\/rna.ao\/rna.ao\/wp-json\/wp\/v2\/media\/9607"}],"wp:attachment":[{"href":"https:\/\/rna.ao\/rna.ao\/wp-json\/wp\/v2\/media?parent=43359"}],"wp:term":[{"taxonomy":"category","embeddable":true,"href":"https:\/\/rna.ao\/rna.ao\/wp-json\/wp\/v2\/categories?post=43359"},{"taxonomy":"post_tag","embeddable":true,"href":"https:\/\/rna.ao\/rna.ao\/wp-json\/wp\/v2\/tags?post=43359"}],"curies":[{"name":"wp","href":"https:\/\/api.w.org\/{rel}","templated":true}]}}