{"id":43323,"date":"2021-11-21T08:52:06","date_gmt":"2021-11-21T07:52:06","guid":{"rendered":"https:\/\/rna.ao\/rna.ao\/?p=43323"},"modified":"2021-11-21T08:52:06","modified_gmt":"2021-11-21T07:52:06","slug":"implementacao-do-piim-possibilitou-crescimento-de-infra-estruturas-no-namibe","status":"publish","type":"post","link":"https:\/\/rna.ao\/rna.ao\/2021\/11\/21\/implementacao-do-piim-possibilitou-crescimento-de-infra-estruturas-no-namibe\/","title":{"rendered":"Implementa\u00e7\u00e3o do PIIM possibilitou crescimento de infra-estruturas no Namibe"},"content":{"rendered":"<p><img loading=\"lazy\" class=\"size-full wp-image-43326 alignleft\" src=\"https:\/\/rna.ao\/rna.ao\/wp-content\/uploads\/2021\/11\/Archer-Mangueira.jpg\" alt=\"\" width=\"600\" height=\"471\" \/>O Governador da Prov\u00edncia do Namibe, Archer Mangueira, fez o balan\u00e7o das actividades realizadas, e apresentou os diferentes programas sectoriais em curso, na terra da welwitschia mirabilis. Clique no \u00e1udio e ou\u00e7a:<\/p>\n\t<div class=\"qtmplayer-playlist-large\">\n\t\t<ul class=\"qtmplayer-playlist\">\n\t\t\t\n\t\t\t\t\t<li class=\"qtmplayer-trackitem\">\n\t\t<img src=\"https:\/\/rna.ao\/rna.ao\/wp-content\/uploads\/2021\/11\/Archer-Mangueira-100x100.jpg\" alt=\"cover\">\t\t<span \t\t\tdata-qtmplayer-cover=\"https:\/\/rna.ao\/rna.ao\/wp-content\/uploads\/2021\/11\/Archer-Mangueira-370x370.jpg\"\n\t\t\t\t\t\tdata-qtmplayer-file=\"https:\/\/rna.ao\/rna.ao\/wp-content\/uploads\/2021\/11\/ARCHER-MANGUEIRA-1.mp3\"\n\t\t\t\t\t\tdata-qtmplayer-title=\"Implementa\u00e7\u00e3o do PIIM possibilitou crescimento de infra-estruturas no Namibe\"\n\t\t\t\t\t\tdata-qtmplayer-artist=\"RNA\"\n\t\t\t\t\t\tdata-qtmplayer-link=\"https:\/\/rna.ao\/rna.ao\/2021\/11\/21\/implementacao-do-piim-possibilitou-crescimento-de-infra-estruturas-no-namibe\/\"\n\t\t\t\t\t\tdata-qtmplayer-icon=\"file_download\"\n\t\t\t\t\t\tdata-qtmplayer-type=\"track\"\n\t\t\t class=\"qtmplayer-play qtmplayer-link-sec qtmplayer-play-btn\"><i class='material-icons'>play_arrow<\/i><\/span>\n\t\t<p>\n\t\t\t<span class=\"qtmplayer-tit\">Implementa\u00e7\u00e3o do PIIM possibilitou crescimento de infra-estruturas no Namibe<\/span>\n\t\t\t<span class=\"qtmplayer-art\">RNA<\/span>\n\t\t<\/p>\n\t<\/li>\n\t\t<\/ul>\n\t<\/div>\t\t\t\n\t\n<p>Segundo Archer Mangueira, a implementa\u00e7\u00e3o do Programa Integrado de Interven\u00e7\u00e3o nos Munic\u00edpios (PIIM), no Namibe, possibilitou o crescimento de infra-estruturas sociais, principalmente no sector da sa\u00fade. Clique no \u00e1udio e ou\u00e7a:<\/p>\n\t<div class=\"qtmplayer-playlist-large\">\n\t\t<ul class=\"qtmplayer-playlist\">\n\t\t\t\n\t\t\t\t\t<li class=\"qtmplayer-trackitem\">\n\t\t<img src=\"https:\/\/rna.ao\/rna.ao\/wp-content\/uploads\/2021\/11\/Archer-Mangueira-100x100.jpg\" alt=\"cover\">\t\t<span \t\t\tdata-qtmplayer-cover=\"https:\/\/rna.ao\/rna.ao\/wp-content\/uploads\/2021\/11\/Archer-Mangueira-370x370.jpg\"\n\t\t\t\t\t\tdata-qtmplayer-file=\"https:\/\/rna.ao\/rna.ao\/wp-content\/uploads\/2021\/11\/ARCHER-MANGUEIRA-2.mp3\"\n\t\t\t\t\t\tdata-qtmplayer-title=\"Implementa\u00e7\u00e3o do PIIM possibilitou crescimento de infra-estruturas no Namibe\"\n\t\t\t\t\t\tdata-qtmplayer-artist=\"RNA\"\n\t\t\t\t\t\tdata-qtmplayer-link=\"https:\/\/rna.ao\/rna.ao\/2021\/11\/21\/implementacao-do-piim-possibilitou-crescimento-de-infra-estruturas-no-namibe\/\"\n\t\t\t\t\t\tdata-qtmplayer-icon=\"file_download\"\n\t\t\t\t\t\tdata-qtmplayer-type=\"track\"\n\t\t\t class=\"qtmplayer-play qtmplayer-link-sec qtmplayer-play-btn\"><i class='material-icons'>play_arrow<\/i><\/span>\n\t\t<p>\n\t\t\t<span class=\"qtmplayer-tit\">Implementa\u00e7\u00e3o do PIIM possibilitou crescimento de infra-estruturas no Namibe<\/span>\n\t\t\t<span class=\"qtmplayer-art\">RNA<\/span>\n\t\t<\/p>\n\t<\/li>\n\t\t<\/ul>\n\t<\/div>\t\t\t\n\t\n<p>Fonte: RNA<\/p>\n","protected":false},"excerpt":{"rendered":"<p>O Governador da Prov\u00edncia do Namibe, Archer Mangueira, fez o balan\u00e7o das actividades realizadas, e apresentou os diferentes programas sectoriais em curso, na terra da welwitschia mirabilis. Clique no \u00e1udio e ou\u00e7a: Segundo Archer Mangueira, a implementa\u00e7\u00e3o do Programa Integrado de Interven\u00e7\u00e3o nos Munic\u00edpios (PIIM), no Namibe, possibilitou o crescimento ...<\/p>\n","protected":false},"author":8,"featured_media":43326,"comment_status":"closed","ping_status":"closed","sticky":false,"template":"","format":"standard","meta":[],"categories":[121,163],"tags":[],"_links":{"self":[{"href":"https:\/\/rna.ao\/rna.ao\/wp-json\/wp\/v2\/posts\/43323"}],"collection":[{"href":"https:\/\/rna.ao\/rna.ao\/wp-json\/wp\/v2\/posts"}],"about":[{"href":"https:\/\/rna.ao\/rna.ao\/wp-json\/wp\/v2\/types\/post"}],"author":[{"embeddable":true,"href":"https:\/\/rna.ao\/rna.ao\/wp-json\/wp\/v2\/users\/8"}],"replies":[{"embeddable":true,"href":"https:\/\/rna.ao\/rna.ao\/wp-json\/wp\/v2\/comments?post=43323"}],"version-history":[{"count":1,"href":"https:\/\/rna.ao\/rna.ao\/wp-json\/wp\/v2\/posts\/43323\/revisions"}],"predecessor-version":[{"id":43327,"href":"https:\/\/rna.ao\/rna.ao\/wp-json\/wp\/v2\/posts\/43323\/revisions\/43327"}],"wp:featuredmedia":[{"embeddable":true,"href":"https:\/\/rna.ao\/rna.ao\/wp-json\/wp\/v2\/media\/43326"}],"wp:attachment":[{"href":"https:\/\/rna.ao\/rna.ao\/wp-json\/wp\/v2\/media?parent=43323"}],"wp:term":[{"taxonomy":"category","embeddable":true,"href":"https:\/\/rna.ao\/rna.ao\/wp-json\/wp\/v2\/categories?post=43323"},{"taxonomy":"post_tag","embeddable":true,"href":"https:\/\/rna.ao\/rna.ao\/wp-json\/wp\/v2\/tags?post=43323"}],"curies":[{"name":"wp","href":"https:\/\/api.w.org\/{rel}","templated":true}]}}