{"id":43318,"date":"2021-11-21T08:48:38","date_gmt":"2021-11-21T07:48:38","guid":{"rendered":"https:\/\/rna.ao\/rna.ao\/?p=43318"},"modified":"2021-11-21T08:48:38","modified_gmt":"2021-11-21T07:48:38","slug":"projecto-nascer-livre-para-brilhar-com-resultados-positivos-na-terra-da-welwitschia","status":"publish","type":"post","link":"https:\/\/rna.ao\/rna.ao\/2021\/11\/21\/projecto-nascer-livre-para-brilhar-com-resultados-positivos-na-terra-da-welwitschia\/","title":{"rendered":"Projecto Nascer Livre para Brilhar com resultados positivos na terra da Welwitschia"},"content":{"rendered":"<p><img loading=\"lazy\" class=\" wp-image-43320 alignleft\" src=\"https:\/\/rna.ao\/rna.ao\/wp-content\/uploads\/2021\/11\/259341597_1536984563322391_5055971050653552068_n-770x432.jpg\" alt=\"\" width=\"629\" height=\"353\" srcset=\"https:\/\/rna.ao\/rna.ao\/wp-content\/uploads\/2021\/11\/259341597_1536984563322391_5055971050653552068_n-770x432.jpg 770w, https:\/\/rna.ao\/rna.ao\/wp-content\/uploads\/2021\/11\/259341597_1536984563322391_5055971050653552068_n-1170x656.jpg 1170w, https:\/\/rna.ao\/rna.ao\/wp-content\/uploads\/2021\/11\/259341597_1536984563322391_5055971050653552068_n-768x431.jpg 768w, https:\/\/rna.ao\/rna.ao\/wp-content\/uploads\/2021\/11\/259341597_1536984563322391_5055971050653552068_n-1536x862.jpg 1536w, https:\/\/rna.ao\/rna.ao\/wp-content\/uploads\/2021\/11\/259341597_1536984563322391_5055971050653552068_n.jpg 2048w\" sizes=\"(max-width: 629px) 100vw, 629px\" \/>A Primeira-Dama da Rep\u00fablica, Ana Dias Louren\u00e7o, avaliou no s\u00e1bado, 20\/11, na Prov\u00edncia do Namibe, o Projecto de preven\u00e7\u00e3o e combate ao VIH-Sida na inf\u00e2ncia, designado \u201cNascer Livre para Brilhar\u201d. Ana Dias Louren\u00e7o distribui, tamb\u00e9m, kits de higiene \u00e0 associa\u00e7\u00e3o que, no Namibe, materializa o projecto. Ou\u00e7a, no \u00e1udio abaixo, o detalhe da informa\u00e7\u00e3o na reportagem da Liliana David:<\/p>\n\t<div class=\"qtmplayer-playlist-large\">\n\t\t<ul class=\"qtmplayer-playlist\">\n\t\t\t\n\t\t\t\t\t<li class=\"qtmplayer-trackitem\">\n\t\t<img src=\"https:\/\/rna.ao\/rna.ao\/wp-content\/uploads\/2021\/11\/Ana-Dias-Lourenco-100x100.jpg\" alt=\"cover\">\t\t<span \t\t\tdata-qtmplayer-cover=\"https:\/\/rna.ao\/rna.ao\/wp-content\/uploads\/2021\/11\/Ana-Dias-Lourenco.jpg\"\n\t\t\t\t\t\tdata-qtmplayer-file=\"https:\/\/rna.ao\/rna.ao\/wp-content\/uploads\/2021\/11\/LILIANA-DAVID.mp3\"\n\t\t\t\t\t\tdata-qtmplayer-title=\"Projecto Nascer Livre para Brilhar com resultados positivos na terra da Welwitschia\"\n\t\t\t\t\t\tdata-qtmplayer-artist=\"RNA\"\n\t\t\t\t\t\tdata-qtmplayer-link=\"https:\/\/rna.ao\/rna.ao\/2021\/11\/21\/projecto-nascer-livre-para-brilhar-com-resultados-positivos-na-terra-da-welwitschia\/\"\n\t\t\t\t\t\tdata-qtmplayer-icon=\"file_download\"\n\t\t\t\t\t\tdata-qtmplayer-type=\"track\"\n\t\t\t class=\"qtmplayer-play qtmplayer-link-sec qtmplayer-play-btn\"><i class='material-icons'>play_arrow<\/i><\/span>\n\t\t<p>\n\t\t\t<span class=\"qtmplayer-tit\">Projecto Nascer Livre para Brilhar com resultados positivos na terra da Welwitschia<\/span>\n\t\t\t<span class=\"qtmplayer-art\">RNA<\/span>\n\t\t<\/p>\n\t<\/li>\n\t\t<\/ul>\n\t<\/div>\t\t\t\n\t\n<p>Fonte: RNA<\/p>\n","protected":false},"excerpt":{"rendered":"<p>A Primeira-Dama da Rep\u00fablica, Ana Dias Louren\u00e7o, avaliou no s\u00e1bado, 20\/11, na Prov\u00edncia do Namibe, o Projecto de preven\u00e7\u00e3o e combate ao VIH-Sida na inf\u00e2ncia, designado \u201cNascer Livre para Brilhar\u201d. Ana Dias Louren\u00e7o distribui, tamb\u00e9m, kits de higiene \u00e0 associa\u00e7\u00e3o que, no Namibe, materializa o projecto. Ou\u00e7a, no \u00e1udio abaixo, ...<\/p>\n","protected":false},"author":8,"featured_media":43321,"comment_status":"closed","ping_status":"closed","sticky":false,"template":"","format":"standard","meta":[],"categories":[121,163],"tags":[],"_links":{"self":[{"href":"https:\/\/rna.ao\/rna.ao\/wp-json\/wp\/v2\/posts\/43318"}],"collection":[{"href":"https:\/\/rna.ao\/rna.ao\/wp-json\/wp\/v2\/posts"}],"about":[{"href":"https:\/\/rna.ao\/rna.ao\/wp-json\/wp\/v2\/types\/post"}],"author":[{"embeddable":true,"href":"https:\/\/rna.ao\/rna.ao\/wp-json\/wp\/v2\/users\/8"}],"replies":[{"embeddable":true,"href":"https:\/\/rna.ao\/rna.ao\/wp-json\/wp\/v2\/comments?post=43318"}],"version-history":[{"count":1,"href":"https:\/\/rna.ao\/rna.ao\/wp-json\/wp\/v2\/posts\/43318\/revisions"}],"predecessor-version":[{"id":43322,"href":"https:\/\/rna.ao\/rna.ao\/wp-json\/wp\/v2\/posts\/43318\/revisions\/43322"}],"wp:featuredmedia":[{"embeddable":true,"href":"https:\/\/rna.ao\/rna.ao\/wp-json\/wp\/v2\/media\/43321"}],"wp:attachment":[{"href":"https:\/\/rna.ao\/rna.ao\/wp-json\/wp\/v2\/media?parent=43318"}],"wp:term":[{"taxonomy":"category","embeddable":true,"href":"https:\/\/rna.ao\/rna.ao\/wp-json\/wp\/v2\/categories?post=43318"},{"taxonomy":"post_tag","embeddable":true,"href":"https:\/\/rna.ao\/rna.ao\/wp-json\/wp\/v2\/tags?post=43318"}],"curies":[{"name":"wp","href":"https:\/\/api.w.org\/{rel}","templated":true}]}}