{"id":43310,"date":"2021-11-21T08:36:06","date_gmt":"2021-11-21T07:36:06","guid":{"rendered":"https:\/\/rna.ao\/rna.ao\/?p=43310"},"modified":"2021-11-21T09:04:51","modified_gmt":"2021-11-21T08:04:51","slug":"dia-da-convencao-dos-direitos-da-crianca-unicef-e-inac-reflectem-sobre-a-situacao-da-crianca-em-angola","status":"publish","type":"post","link":"https:\/\/rna.ao\/rna.ao\/2021\/11\/21\/dia-da-convencao-dos-direitos-da-crianca-unicef-e-inac-reflectem-sobre-a-situacao-da-crianca-em-angola\/","title":{"rendered":"Dia da Conven\u00e7\u00e3o dos Direitos da Crian\u00e7a: UNICEF e INAC reflectem sobre a situa\u00e7\u00e3o da crian\u00e7a em Angola"},"content":{"rendered":"<p><img loading=\"lazy\" class=\"size-full wp-image-21600 alignleft\" src=\"https:\/\/rna.ao\/rna.ao\/wp-content\/uploads\/2021\/04\/Direitos-da-Crianca.jpg\" alt=\"\" width=\"292\" height=\"176\" \/>O mundo assinalou neste s\u00e1bado, 20 de Novembro, o Dia da Conven\u00e7\u00e3o dos Direitos da Crian\u00e7a. O representante do UNICEF em Angola, Ivan Yerovi, disse tratar-se de uma data de reflex\u00e3o, e avan\u00e7ou os principais objectivos do Fundo com o Estado angolano. Clique no \u00e1udio e ou\u00e7a:<\/p>\n\t<div class=\"qtmplayer-playlist-large\">\n\t\t<ul class=\"qtmplayer-playlist\">\n\t\t\t\n\t\t\t\t\t<li class=\"qtmplayer-trackitem\">\n\t\t<img src=\"https:\/\/rna.ao\/rna.ao\/wp-content\/uploads\/2021\/04\/Direitos-da-Crianca-100x100.jpg\" alt=\"cover\">\t\t<span \t\t\tdata-qtmplayer-cover=\"https:\/\/rna.ao\/rna.ao\/wp-content\/uploads\/2021\/04\/Direitos-da-Crianca.jpg\"\n\t\t\t\t\t\tdata-qtmplayer-file=\"https:\/\/rna.ao\/rna.ao\/wp-content\/uploads\/2021\/11\/IVAN-YEROVI-1.mp3\"\n\t\t\t\t\t\tdata-qtmplayer-title=\"Dia da Conven\u00e7\u00e3o dos Direitos da Crian\u00e7a: UNICEF e INAC reflectem sobre a situa\u00e7\u00e3o da crian\u00e7a em Angola\"\n\t\t\t\t\t\tdata-qtmplayer-artist=\"RNA\"\n\t\t\t\t\t\tdata-qtmplayer-link=\"https:\/\/rna.ao\/rna.ao\/2021\/11\/21\/dia-da-convencao-dos-direitos-da-crianca-unicef-e-inac-reflectem-sobre-a-situacao-da-crianca-em-angola\/\"\n\t\t\t\t\t\tdata-qtmplayer-icon=\"file_download\"\n\t\t\t\t\t\tdata-qtmplayer-type=\"track\"\n\t\t\t class=\"qtmplayer-play qtmplayer-link-sec qtmplayer-play-btn\"><i class='material-icons'>play_arrow<\/i><\/span>\n\t\t<p>\n\t\t\t<span class=\"qtmplayer-tit\">Dia da Conven\u00e7\u00e3o dos Direitos da Crian\u00e7a: UNICEF e INAC reflectem sobre a situa\u00e7\u00e3o da crian\u00e7a em Angola<\/span>\n\t\t\t<span class=\"qtmplayer-art\">RNA<\/span>\n\t\t<\/p>\n\t<\/li>\n\t\t<\/ul>\n\t<\/div>\t\t\t\n\t\n<p>Por sua vez, Elisa Gourgel, directora-adjunta do Instituto Nacional da Crian\u00e7a, mostrou-se preocupada com os n\u00edveis de viol\u00eancia contra a crian\u00e7a no nosso pa\u00eds. Clique no \u00e1udio e ou\u00e7a:<\/p>\n\t<div class=\"qtmplayer-playlist-large\">\n\t\t<ul class=\"qtmplayer-playlist\">\n\t\t\t\n\t\t\t\t\t<li class=\"qtmplayer-trackitem\">\n\t\t<img src=\"https:\/\/rna.ao\/rna.ao\/wp-content\/uploads\/2021\/04\/Direitos-da-Crianca-100x100.jpg\" alt=\"cover\">\t\t<span \t\t\tdata-qtmplayer-cover=\"https:\/\/rna.ao\/rna.ao\/wp-content\/uploads\/2021\/04\/Direitos-da-Crianca.jpg\"\n\t\t\t\t\t\tdata-qtmplayer-file=\"https:\/\/rna.ao\/rna.ao\/wp-content\/uploads\/2021\/11\/ELISA-GOURGEL.mp3\"\n\t\t\t\t\t\tdata-qtmplayer-title=\"Dia da Conven\u00e7\u00e3o dos Direitos da Crian\u00e7a: UNICEF e INAC reflectem sobre a situa\u00e7\u00e3o da crian\u00e7a em Angola\"\n\t\t\t\t\t\tdata-qtmplayer-artist=\"RNA\"\n\t\t\t\t\t\tdata-qtmplayer-link=\"https:\/\/rna.ao\/rna.ao\/2021\/11\/21\/dia-da-convencao-dos-direitos-da-crianca-unicef-e-inac-reflectem-sobre-a-situacao-da-crianca-em-angola\/\"\n\t\t\t\t\t\tdata-qtmplayer-icon=\"file_download\"\n\t\t\t\t\t\tdata-qtmplayer-type=\"track\"\n\t\t\t class=\"qtmplayer-play qtmplayer-link-sec qtmplayer-play-btn\"><i class='material-icons'>play_arrow<\/i><\/span>\n\t\t<p>\n\t\t\t<span class=\"qtmplayer-tit\">Dia da Conven\u00e7\u00e3o dos Direitos da Crian\u00e7a: UNICEF e INAC reflectem sobre a situa\u00e7\u00e3o da crian\u00e7a em Angola<\/span>\n\t\t\t<span class=\"qtmplayer-art\">RNA<\/span>\n\t\t<\/p>\n\t<\/li>\n\t\t<\/ul>\n\t<\/div>\t\t\t\n\t\n<p>Fonte: RNA<\/p>\n","protected":false},"excerpt":{"rendered":"<p>O mundo assinalou neste s\u00e1bado, 20 de Novembro, o Dia da Conven\u00e7\u00e3o dos Direitos da Crian\u00e7a. O representante do UNICEF em Angola, Ivan Yerovi, disse tratar-se de uma data de reflex\u00e3o, e avan\u00e7ou os principais objectivos do Fundo com o Estado angolano. Clique no \u00e1udio e ou\u00e7a: Por sua vez, ...<\/p>\n","protected":false},"author":8,"featured_media":21600,"comment_status":"closed","ping_status":"closed","sticky":false,"template":"","format":"standard","meta":[],"categories":[121,163],"tags":[],"_links":{"self":[{"href":"https:\/\/rna.ao\/rna.ao\/wp-json\/wp\/v2\/posts\/43310"}],"collection":[{"href":"https:\/\/rna.ao\/rna.ao\/wp-json\/wp\/v2\/posts"}],"about":[{"href":"https:\/\/rna.ao\/rna.ao\/wp-json\/wp\/v2\/types\/post"}],"author":[{"embeddable":true,"href":"https:\/\/rna.ao\/rna.ao\/wp-json\/wp\/v2\/users\/8"}],"replies":[{"embeddable":true,"href":"https:\/\/rna.ao\/rna.ao\/wp-json\/wp\/v2\/comments?post=43310"}],"version-history":[{"count":2,"href":"https:\/\/rna.ao\/rna.ao\/wp-json\/wp\/v2\/posts\/43310\/revisions"}],"predecessor-version":[{"id":43340,"href":"https:\/\/rna.ao\/rna.ao\/wp-json\/wp\/v2\/posts\/43310\/revisions\/43340"}],"wp:featuredmedia":[{"embeddable":true,"href":"https:\/\/rna.ao\/rna.ao\/wp-json\/wp\/v2\/media\/21600"}],"wp:attachment":[{"href":"https:\/\/rna.ao\/rna.ao\/wp-json\/wp\/v2\/media?parent=43310"}],"wp:term":[{"taxonomy":"category","embeddable":true,"href":"https:\/\/rna.ao\/rna.ao\/wp-json\/wp\/v2\/categories?post=43310"},{"taxonomy":"post_tag","embeddable":true,"href":"https:\/\/rna.ao\/rna.ao\/wp-json\/wp\/v2\/tags?post=43310"}],"curies":[{"name":"wp","href":"https:\/\/api.w.org\/{rel}","templated":true}]}}