{"id":43290,"date":"2021-11-20T08:44:43","date_gmt":"2021-11-20T07:44:43","guid":{"rendered":"https:\/\/rna.ao\/rna.ao\/?p=43290"},"modified":"2021-11-20T08:44:43","modified_gmt":"2021-11-20T07:44:43","slug":"vamos-continuar-com-os-projectos-de-apoio-a-economia-e-ao-desenvolvimento-de-angola-daniel-vosgien","status":"publish","type":"post","link":"https:\/\/rna.ao\/rna.ao\/2021\/11\/20\/vamos-continuar-com-os-projectos-de-apoio-a-economia-e-ao-desenvolvimento-de-angola-daniel-vosgien\/","title":{"rendered":"&#8220;Vamos continuar com os projectos de apoio \u00e0 economia e ao desenvolvimento de Angola&#8221;, Daniel Vosgien"},"content":{"rendered":"<p><img loading=\"lazy\" class=\"size-full wp-image-43292 alignleft\" src=\"https:\/\/rna.ao\/rna.ao\/wp-content\/uploads\/2021\/11\/Daniel-Vosgien.jpg\" alt=\"\" width=\"316\" height=\"239\" \/>O Embaixador da Fran\u00e7a acreditado em Angola, Daniel Vosgien, garantiu que aquele pa\u00eds europeu vai continuar a cooperar com o nosso pa\u00eds, em v\u00e1rios dom\u00ednios. O diplomata, que esteve em visita de trabalho na Prov\u00edncia de Cabinda, diz que tem acompanhado as reformas que est\u00e3o a ser implementadas, pelo Executivo angolano. Ou\u00e7a, no \u00e1udio abaixo, mais dados com o rep\u00f3rter Henrique Frederico:<\/p>\n\t<div class=\"qtmplayer-playlist-large\">\n\t\t<ul class=\"qtmplayer-playlist\">\n\t\t\t\n\t\t\t\t\t<li class=\"qtmplayer-trackitem\">\n\t\t<img src=\"https:\/\/rna.ao\/rna.ao\/wp-content\/uploads\/2021\/11\/Daniel-Vosgien-100x100.jpg\" alt=\"cover\">\t\t<span \t\t\tdata-qtmplayer-cover=\"https:\/\/rna.ao\/rna.ao\/wp-content\/uploads\/2021\/11\/Daniel-Vosgien.jpg\"\n\t\t\t\t\t\tdata-qtmplayer-file=\"https:\/\/rna.ao\/rna.ao\/wp-content\/uploads\/2021\/11\/CABINDA-EMBAIXADOR-DE-FRANCA-07HRS.mp3\"\n\t\t\t\t\t\tdata-qtmplayer-title=\"&#8220;Vamos continuar com os projectos de apoio \u00e0 economia e ao desenvolvimento de Angola&#8221;, Daniel Vosgien\"\n\t\t\t\t\t\tdata-qtmplayer-artist=\"RNA\"\n\t\t\t\t\t\tdata-qtmplayer-link=\"https:\/\/rna.ao\/rna.ao\/2021\/11\/20\/vamos-continuar-com-os-projectos-de-apoio-a-economia-e-ao-desenvolvimento-de-angola-daniel-vosgien\/\"\n\t\t\t\t\t\tdata-qtmplayer-icon=\"file_download\"\n\t\t\t\t\t\tdata-qtmplayer-type=\"track\"\n\t\t\t class=\"qtmplayer-play qtmplayer-link-sec qtmplayer-play-btn\"><i class='material-icons'>play_arrow<\/i><\/span>\n\t\t<p>\n\t\t\t<span class=\"qtmplayer-tit\">&#8220;Vamos continuar com os projectos de apoio \u00e0 economia e ao desenvolvimento de Angola&#8221;, Daniel Vosgien<\/span>\n\t\t\t<span class=\"qtmplayer-art\">RNA<\/span>\n\t\t<\/p>\n\t<\/li>\n\t\t<\/ul>\n\t<\/div>\t\t\t\n\t\n<p>Fonte: RNA<\/p>\n","protected":false},"excerpt":{"rendered":"<p>O Embaixador da Fran\u00e7a acreditado em Angola, Daniel Vosgien, garantiu que aquele pa\u00eds europeu vai continuar a cooperar com o nosso pa\u00eds, em v\u00e1rios dom\u00ednios. O diplomata, que esteve em visita de trabalho na Prov\u00edncia de Cabinda, diz que tem acompanhado as reformas que est\u00e3o a ser implementadas, pelo Executivo ...<\/p>\n","protected":false},"author":8,"featured_media":43292,"comment_status":"closed","ping_status":"closed","sticky":false,"template":"","format":"standard","meta":[],"categories":[121,163],"tags":[],"_links":{"self":[{"href":"https:\/\/rna.ao\/rna.ao\/wp-json\/wp\/v2\/posts\/43290"}],"collection":[{"href":"https:\/\/rna.ao\/rna.ao\/wp-json\/wp\/v2\/posts"}],"about":[{"href":"https:\/\/rna.ao\/rna.ao\/wp-json\/wp\/v2\/types\/post"}],"author":[{"embeddable":true,"href":"https:\/\/rna.ao\/rna.ao\/wp-json\/wp\/v2\/users\/8"}],"replies":[{"embeddable":true,"href":"https:\/\/rna.ao\/rna.ao\/wp-json\/wp\/v2\/comments?post=43290"}],"version-history":[{"count":1,"href":"https:\/\/rna.ao\/rna.ao\/wp-json\/wp\/v2\/posts\/43290\/revisions"}],"predecessor-version":[{"id":43293,"href":"https:\/\/rna.ao\/rna.ao\/wp-json\/wp\/v2\/posts\/43290\/revisions\/43293"}],"wp:featuredmedia":[{"embeddable":true,"href":"https:\/\/rna.ao\/rna.ao\/wp-json\/wp\/v2\/media\/43292"}],"wp:attachment":[{"href":"https:\/\/rna.ao\/rna.ao\/wp-json\/wp\/v2\/media?parent=43290"}],"wp:term":[{"taxonomy":"category","embeddable":true,"href":"https:\/\/rna.ao\/rna.ao\/wp-json\/wp\/v2\/categories?post=43290"},{"taxonomy":"post_tag","embeddable":true,"href":"https:\/\/rna.ao\/rna.ao\/wp-json\/wp\/v2\/tags?post=43290"}],"curies":[{"name":"wp","href":"https:\/\/api.w.org\/{rel}","templated":true}]}}