{"id":43286,"date":"2021-11-20T08:33:48","date_gmt":"2021-11-20T07:33:48","guid":{"rendered":"https:\/\/rna.ao\/rna.ao\/?p=43286"},"modified":"2021-11-20T08:33:48","modified_gmt":"2021-11-20T07:33:48","slug":"depois-de-pre-acordo-trabalhadores-da-plastica-angola-limitada-levantam-greve-direccao-da-empresa-tem-5-meses-para-resolver-caderno-reivindicativo","status":"publish","type":"post","link":"https:\/\/rna.ao\/rna.ao\/2021\/11\/20\/depois-de-pre-acordo-trabalhadores-da-plastica-angola-limitada-levantam-greve-direccao-da-empresa-tem-5-meses-para-resolver-caderno-reivindicativo\/","title":{"rendered":"Depois de pr\u00e9-acordo, trabalhadores da Pl\u00e1stica Angola Limitada levantam greve. Direc\u00e7\u00e3o da empresa tem 5 meses para resolver caderno reivindicativo"},"content":{"rendered":"<p><img loading=\"lazy\" class=\"size-full wp-image-43288 alignleft\" src=\"https:\/\/rna.ao\/rna.ao\/wp-content\/uploads\/2021\/11\/Greve.jpg\" alt=\"\" width=\"297\" height=\"207\" \/>Os trabalhadores da &#8220;Pl\u00e1stica Angola Limitada&#8221; voltaram \u00e0s suas fun\u00e7\u00f5es profissionais, depois de terem chegado a um pr\u00e9-acordo com a Direc\u00e7\u00e3o da Empresa. Os trabalhadores dizem que\u00a0 receberam, da entidade patronal, garantias de negocia\u00e7\u00e3o do caderno reivindicativo. De acordo com os trabalhadores, a entidade patronal dever\u00e1 resolver a situa\u00e7\u00e3o at\u00e9 ao m\u00eas de Abril de 2022. Clique, no \u00e1udio abaixo, e saiba mais na reportagem do Lino Guilherme:<\/p>\n\t<div class=\"qtmplayer-playlist-large\">\n\t\t<ul class=\"qtmplayer-playlist\">\n\t\t\t\n\t\t\t\t\t<li class=\"qtmplayer-trackitem\">\n\t\t<img src=\"https:\/\/rna.ao\/rna.ao\/wp-content\/uploads\/2021\/11\/Greve-100x100.jpg\" alt=\"cover\">\t\t<span \t\t\tdata-qtmplayer-cover=\"https:\/\/rna.ao\/rna.ao\/wp-content\/uploads\/2021\/11\/Greve.jpg\"\n\t\t\t\t\t\tdata-qtmplayer-file=\"https:\/\/rna.ao\/rna.ao\/wp-content\/uploads\/2021\/11\/RADIO-CAZENGA-GREVE-07-HRS.mp3\"\n\t\t\t\t\t\tdata-qtmplayer-title=\"Depois de pr\u00e9-acordo, trabalhadores da Pl\u00e1stica Angola Limitada levantam greve. Direc\u00e7\u00e3o da empresa tem 5 meses para resolver caderno reivindicativo\"\n\t\t\t\t\t\tdata-qtmplayer-artist=\"RNA\"\n\t\t\t\t\t\tdata-qtmplayer-link=\"https:\/\/rna.ao\/rna.ao\/2021\/11\/20\/depois-de-pre-acordo-trabalhadores-da-plastica-angola-limitada-levantam-greve-direccao-da-empresa-tem-5-meses-para-resolver-caderno-reivindicativo\/\"\n\t\t\t\t\t\tdata-qtmplayer-icon=\"file_download\"\n\t\t\t\t\t\tdata-qtmplayer-type=\"track\"\n\t\t\t class=\"qtmplayer-play qtmplayer-link-sec qtmplayer-play-btn\"><i class='material-icons'>play_arrow<\/i><\/span>\n\t\t<p>\n\t\t\t<span class=\"qtmplayer-tit\">Depois de pr\u00e9-acordo, trabalhadores da Pl\u00e1stica Angola Limitada levantam greve. Direc\u00e7\u00e3o da empresa tem 5 meses para resolver caderno reivindicativo<\/span>\n\t\t\t<span class=\"qtmplayer-art\">RNA<\/span>\n\t\t<\/p>\n\t<\/li>\n\t\t<\/ul>\n\t<\/div>\t\t\t\n\t\n<p>Fonte: RNA<\/p>\n","protected":false},"excerpt":{"rendered":"<p>Os trabalhadores da &#8220;Pl\u00e1stica Angola Limitada&#8221; voltaram \u00e0s suas fun\u00e7\u00f5es profissionais, depois de terem chegado a um pr\u00e9-acordo com a Direc\u00e7\u00e3o da Empresa. Os trabalhadores dizem que\u00a0 receberam, da entidade patronal, garantias de negocia\u00e7\u00e3o do caderno reivindicativo. De acordo com os trabalhadores, a entidade patronal dever\u00e1 resolver a situa\u00e7\u00e3o at\u00e9 ...<\/p>\n","protected":false},"author":8,"featured_media":43288,"comment_status":"closed","ping_status":"closed","sticky":false,"template":"","format":"standard","meta":[],"categories":[142,121,163],"tags":[],"_links":{"self":[{"href":"https:\/\/rna.ao\/rna.ao\/wp-json\/wp\/v2\/posts\/43286"}],"collection":[{"href":"https:\/\/rna.ao\/rna.ao\/wp-json\/wp\/v2\/posts"}],"about":[{"href":"https:\/\/rna.ao\/rna.ao\/wp-json\/wp\/v2\/types\/post"}],"author":[{"embeddable":true,"href":"https:\/\/rna.ao\/rna.ao\/wp-json\/wp\/v2\/users\/8"}],"replies":[{"embeddable":true,"href":"https:\/\/rna.ao\/rna.ao\/wp-json\/wp\/v2\/comments?post=43286"}],"version-history":[{"count":1,"href":"https:\/\/rna.ao\/rna.ao\/wp-json\/wp\/v2\/posts\/43286\/revisions"}],"predecessor-version":[{"id":43289,"href":"https:\/\/rna.ao\/rna.ao\/wp-json\/wp\/v2\/posts\/43286\/revisions\/43289"}],"wp:featuredmedia":[{"embeddable":true,"href":"https:\/\/rna.ao\/rna.ao\/wp-json\/wp\/v2\/media\/43288"}],"wp:attachment":[{"href":"https:\/\/rna.ao\/rna.ao\/wp-json\/wp\/v2\/media?parent=43286"}],"wp:term":[{"taxonomy":"category","embeddable":true,"href":"https:\/\/rna.ao\/rna.ao\/wp-json\/wp\/v2\/categories?post=43286"},{"taxonomy":"post_tag","embeddable":true,"href":"https:\/\/rna.ao\/rna.ao\/wp-json\/wp\/v2\/tags?post=43286"}],"curies":[{"name":"wp","href":"https:\/\/api.w.org\/{rel}","templated":true}]}}