{"id":43273,"date":"2021-11-20T07:46:14","date_gmt":"2021-11-20T06:46:14","guid":{"rendered":"https:\/\/rna.ao\/rna.ao\/?p=43273"},"modified":"2021-11-20T07:59:41","modified_gmt":"2021-11-20T06:59:41","slug":"alem-dos-problemas-governador-do-namibe-vai-apresentar-ao-pr-propostas-e-solucoes","status":"publish","type":"post","link":"https:\/\/rna.ao\/rna.ao\/2021\/11\/20\/alem-dos-problemas-governador-do-namibe-vai-apresentar-ao-pr-propostas-e-solucoes\/","title":{"rendered":"Al\u00e9m dos problemas, Governador do Namibe vai apresentar ao PR propostas e solu\u00e7\u00f5es"},"content":{"rendered":"<p><img loading=\"lazy\" class=\"size-full wp-image-34939 alignleft\" src=\"https:\/\/rna.ao\/rna.ao\/wp-content\/uploads\/2021\/08\/Archer-Mangueira.jpg\" alt=\"\" width=\"288\" height=\"228\" \/>O Governador da Prov\u00edncia do Namibe, Archer Mangueira, revelou, \u00e0 R\u00e1dio Nacional de Angola, alguns pontos da radiografia que vai fazer, ao Presidente da Rep\u00fablica, durante a apresenta\u00e7\u00e3o do estado actual da conhecida &#8220;terra da felicidade&#8221;. O Chefe de Estado trabalha a partir deste s\u00e1bado, naquela Prov\u00edncia, no \u00e2mbito da Presid\u00eancia Aberta por um conhecimento mais directo e aprofundado da realidade, das diferentes regi\u00f5es do pa\u00eds. Clique, no \u00e1udio abaixo, e ou\u00e7a os pronunciamentos do Governador Archer Mangueira:<\/p>\n\t<div class=\"qtmplayer-playlist-large\">\n\t\t<ul class=\"qtmplayer-playlist\">\n\t\t\t\n\t\t\t\t\t<li class=\"qtmplayer-trackitem\">\n\t\t<img src=\"https:\/\/rna.ao\/rna.ao\/wp-content\/uploads\/2021\/08\/Archer-Mangueira-100x100.jpg\" alt=\"cover\">\t\t<span \t\t\tdata-qtmplayer-cover=\"https:\/\/rna.ao\/rna.ao\/wp-content\/uploads\/2021\/08\/Archer-Mangueira.jpg\"\n\t\t\t\t\t\tdata-qtmplayer-file=\"https:\/\/rna.ao\/rna.ao\/wp-content\/uploads\/2021\/11\/ARCHER-MANGUEIRA-07HRS.mp3\"\n\t\t\t\t\t\tdata-qtmplayer-title=\"Al\u00e9m dos problemas, Governador do Namibe vai apresentar ao PR propostas e solu\u00e7\u00f5es\"\n\t\t\t\t\t\tdata-qtmplayer-artist=\"RNA\"\n\t\t\t\t\t\tdata-qtmplayer-link=\"https:\/\/rna.ao\/rna.ao\/2021\/11\/20\/alem-dos-problemas-governador-do-namibe-vai-apresentar-ao-pr-propostas-e-solucoes\/\"\n\t\t\t\t\t\tdata-qtmplayer-icon=\"file_download\"\n\t\t\t\t\t\tdata-qtmplayer-type=\"track\"\n\t\t\t class=\"qtmplayer-play qtmplayer-link-sec qtmplayer-play-btn\"><i class='material-icons'>play_arrow<\/i><\/span>\n\t\t<p>\n\t\t\t<span class=\"qtmplayer-tit\">Al\u00e9m dos problemas, Governador do Namibe vai apresentar ao PR propostas e solu\u00e7\u00f5es<\/span>\n\t\t\t<span class=\"qtmplayer-art\">RNA<\/span>\n\t\t<\/p>\n\t<\/li>\n\t\t<\/ul>\n\t<\/div>\t\t\t\n\t\n<p>Fonte: RNA<\/p>\n","protected":false},"excerpt":{"rendered":"<p>O Governador da Prov\u00edncia do Namibe, Archer Mangueira, revelou, \u00e0 R\u00e1dio Nacional de Angola, alguns pontos da radiografia que vai fazer, ao Presidente da Rep\u00fablica, durante a apresenta\u00e7\u00e3o do estado actual da conhecida &#8220;terra da felicidade&#8221;. O Chefe de Estado trabalha a partir deste s\u00e1bado, naquela Prov\u00edncia, no \u00e2mbito da ...<\/p>\n","protected":false},"author":8,"featured_media":34939,"comment_status":"closed","ping_status":"closed","sticky":false,"template":"","format":"standard","meta":[],"categories":[142,121,163],"tags":[],"_links":{"self":[{"href":"https:\/\/rna.ao\/rna.ao\/wp-json\/wp\/v2\/posts\/43273"}],"collection":[{"href":"https:\/\/rna.ao\/rna.ao\/wp-json\/wp\/v2\/posts"}],"about":[{"href":"https:\/\/rna.ao\/rna.ao\/wp-json\/wp\/v2\/types\/post"}],"author":[{"embeddable":true,"href":"https:\/\/rna.ao\/rna.ao\/wp-json\/wp\/v2\/users\/8"}],"replies":[{"embeddable":true,"href":"https:\/\/rna.ao\/rna.ao\/wp-json\/wp\/v2\/comments?post=43273"}],"version-history":[{"count":1,"href":"https:\/\/rna.ao\/rna.ao\/wp-json\/wp\/v2\/posts\/43273\/revisions"}],"predecessor-version":[{"id":43275,"href":"https:\/\/rna.ao\/rna.ao\/wp-json\/wp\/v2\/posts\/43273\/revisions\/43275"}],"wp:featuredmedia":[{"embeddable":true,"href":"https:\/\/rna.ao\/rna.ao\/wp-json\/wp\/v2\/media\/34939"}],"wp:attachment":[{"href":"https:\/\/rna.ao\/rna.ao\/wp-json\/wp\/v2\/media?parent=43273"}],"wp:term":[{"taxonomy":"category","embeddable":true,"href":"https:\/\/rna.ao\/rna.ao\/wp-json\/wp\/v2\/categories?post=43273"},{"taxonomy":"post_tag","embeddable":true,"href":"https:\/\/rna.ao\/rna.ao\/wp-json\/wp\/v2\/tags?post=43273"}],"curies":[{"name":"wp","href":"https:\/\/api.w.org\/{rel}","templated":true}]}}