{"id":43269,"date":"2021-11-20T07:47:45","date_gmt":"2021-11-20T06:47:45","guid":{"rendered":"https:\/\/rna.ao\/rna.ao\/?p=43269"},"modified":"2021-11-20T07:47:45","modified_gmt":"2021-11-20T06:47:45","slug":"pr-avalia-no-namibe-andamento-da-accao-governativa-e-ausculta-inquietacoes-da-sociedade-civil-local","status":"publish","type":"post","link":"https:\/\/rna.ao\/rna.ao\/2021\/11\/20\/pr-avalia-no-namibe-andamento-da-accao-governativa-e-ausculta-inquietacoes-da-sociedade-civil-local\/","title":{"rendered":"PR avalia no Namibe andamento da ac\u00e7\u00e3o governativa e ausculta inquieta\u00e7\u00f5es da sociedade civil local"},"content":{"rendered":"<p><img loading=\"lazy\" class=\"size-full wp-image-7756 alignleft\" src=\"https:\/\/rna.ao\/rna.ao\/wp-content\/uploads\/2020\/10\/PR-JLO-2.jpg\" alt=\"\" width=\"447\" height=\"345\" \/>O Presidente da Rep\u00fablica, Jo\u00e3o Louren\u00e7o, constata a partir de hoje, s\u00e1bado, 20 de Novembro, no Namibe, a realidade da Prov\u00edncia. Na sua agenda de trabalhos, que termina domingo, 21\/11, constam encontros com membros da sociedade civil local, no qual ser\u00e3o ouvidos jovens, empres\u00e1rios, entre outros. Clique, no \u00e1udio abaixo, e ou\u00e7a o porta-voz da Presid\u00eancia da Rep\u00fablica Lu\u00eds Fernando com o essencial da agenda do Chefe de Estado:<\/p>\n\t<div class=\"qtmplayer-playlist-large\">\n\t\t<ul class=\"qtmplayer-playlist\">\n\t\t\t\n\t\t\t\t\t<li class=\"qtmplayer-trackitem\">\n\t\t<img src=\"https:\/\/rna.ao\/rna.ao\/wp-content\/uploads\/2020\/10\/PR-JLO-2-100x100.jpg\" alt=\"cover\">\t\t<span \t\t\tdata-qtmplayer-cover=\"https:\/\/rna.ao\/rna.ao\/wp-content\/uploads\/2020\/10\/PR-JLO-2.jpg\"\n\t\t\t\t\t\tdata-qtmplayer-file=\"https:\/\/rna.ao\/rna.ao\/wp-content\/uploads\/2021\/11\/LUIS-FERNANDO-07-HRS.mp3\"\n\t\t\t\t\t\tdata-qtmplayer-title=\"PR avalia no Namibe andamento da ac\u00e7\u00e3o governativa e ausculta inquieta\u00e7\u00f5es da sociedade civil local\"\n\t\t\t\t\t\tdata-qtmplayer-artist=\"RNA\"\n\t\t\t\t\t\tdata-qtmplayer-link=\"https:\/\/rna.ao\/rna.ao\/2021\/11\/20\/pr-avalia-no-namibe-andamento-da-accao-governativa-e-ausculta-inquietacoes-da-sociedade-civil-local\/\"\n\t\t\t\t\t\tdata-qtmplayer-icon=\"file_download\"\n\t\t\t\t\t\tdata-qtmplayer-type=\"track\"\n\t\t\t class=\"qtmplayer-play qtmplayer-link-sec qtmplayer-play-btn\"><i class='material-icons'>play_arrow<\/i><\/span>\n\t\t<p>\n\t\t\t<span class=\"qtmplayer-tit\">PR avalia no Namibe andamento da ac\u00e7\u00e3o governativa e ausculta inquieta\u00e7\u00f5es da sociedade civil local<\/span>\n\t\t\t<span class=\"qtmplayer-art\">RNA<\/span>\n\t\t<\/p>\n\t<\/li>\n\t\t<\/ul>\n\t<\/div>\t\t\t\n\t\n<p>Fonte: RNA<\/p>\n","protected":false},"excerpt":{"rendered":"<p>O Presidente da Rep\u00fablica, Jo\u00e3o Louren\u00e7o, constata a partir de hoje, s\u00e1bado, 20 de Novembro, no Namibe, a realidade da Prov\u00edncia. Na sua agenda de trabalhos, que termina domingo, 21\/11, constam encontros com membros da sociedade civil local, no qual ser\u00e3o ouvidos jovens, empres\u00e1rios, entre outros. Clique, no \u00e1udio abaixo, ...<\/p>\n","protected":false},"author":8,"featured_media":7756,"comment_status":"closed","ping_status":"closed","sticky":false,"template":"","format":"standard","meta":[],"categories":[142,121,164,163],"tags":[],"_links":{"self":[{"href":"https:\/\/rna.ao\/rna.ao\/wp-json\/wp\/v2\/posts\/43269"}],"collection":[{"href":"https:\/\/rna.ao\/rna.ao\/wp-json\/wp\/v2\/posts"}],"about":[{"href":"https:\/\/rna.ao\/rna.ao\/wp-json\/wp\/v2\/types\/post"}],"author":[{"embeddable":true,"href":"https:\/\/rna.ao\/rna.ao\/wp-json\/wp\/v2\/users\/8"}],"replies":[{"embeddable":true,"href":"https:\/\/rna.ao\/rna.ao\/wp-json\/wp\/v2\/comments?post=43269"}],"version-history":[{"count":1,"href":"https:\/\/rna.ao\/rna.ao\/wp-json\/wp\/v2\/posts\/43269\/revisions"}],"predecessor-version":[{"id":43272,"href":"https:\/\/rna.ao\/rna.ao\/wp-json\/wp\/v2\/posts\/43269\/revisions\/43272"}],"wp:featuredmedia":[{"embeddable":true,"href":"https:\/\/rna.ao\/rna.ao\/wp-json\/wp\/v2\/media\/7756"}],"wp:attachment":[{"href":"https:\/\/rna.ao\/rna.ao\/wp-json\/wp\/v2\/media?parent=43269"}],"wp:term":[{"taxonomy":"category","embeddable":true,"href":"https:\/\/rna.ao\/rna.ao\/wp-json\/wp\/v2\/categories?post=43269"},{"taxonomy":"post_tag","embeddable":true,"href":"https:\/\/rna.ao\/rna.ao\/wp-json\/wp\/v2\/tags?post=43269"}],"curies":[{"name":"wp","href":"https:\/\/api.w.org\/{rel}","templated":true}]}}