{"id":43260,"date":"2021-11-19T19:17:29","date_gmt":"2021-11-19T18:17:29","guid":{"rendered":"https:\/\/rna.ao\/rna.ao\/?p=43260"},"modified":"2021-11-19T19:17:29","modified_gmt":"2021-11-19T18:17:29","slug":"assentua-se-a-crise-directiva-na-fafusa-rui-sampaio-demitiu-se-do-cargo-de-seleccionador-nacional","status":"publish","type":"post","link":"https:\/\/rna.ao\/rna.ao\/2021\/11\/19\/assentua-se-a-crise-directiva-na-fafusa-rui-sampaio-demitiu-se-do-cargo-de-seleccionador-nacional\/","title":{"rendered":"Assentua-se a crise directiva na FAFUSA. Rui Sampaio demitiu-se do cargo de seleccionador nacional"},"content":{"rendered":"<p><img loading=\"lazy\" class=\"size-full wp-image-43261 aligncenter\" src=\"https:\/\/rna.ao\/rna.ao\/wp-content\/uploads\/2021\/11\/transferir-12.jpeg\" alt=\"\" width=\"190\" height=\"265\" \/>Continuam os desentendimentos na Federa\u00e7\u00e3o Angolana de Futsal. Mais dois membros colocaram o lugar \u00e0 disposi\u00e7\u00e3o, nomeadamente, o treinador, Rui Sampaio, que orientou a selec\u00e7\u00e3o nacional no campeonato do mundo da Litu\u00e2nia e o vice-presidente desportivo, Abreu Neto &#8220;Gigito&#8221;.<\/p>\n<p>O treinador aponta interfer\u00eancias no seu trabalho como estando na base da decis\u00e3o.<\/p>\n<p>Lembramos que, recentemente, sete membros da direc\u00e7\u00e3o eleita em 2020, abandonaram os respectivos cargos, por considerarem que as decis\u00f5es do Presidente, Manuel Patr\u00edcio, contrariavam o projecto inicial. Confira as justifica\u00e7\u00f5es do treinador, Rui Sampaio, no \u00e1udio abaixo:<\/p>\n<ul>\n<li>\t<div class=\"qtmplayer-playlist-large\">\n\t\t<ul class=\"qtmplayer-playlist\">\n\t\t\t\n\t\t\t\t\t<li class=\"qtmplayer-trackitem\">\n\t\t<img src=\"https:\/\/rna.ao\/rna.ao\/wp-content\/uploads\/2021\/11\/transferir-12-100x100.jpeg\" alt=\"cover\">\t\t<span \t\t\tdata-qtmplayer-cover=\"https:\/\/rna.ao\/rna.ao\/wp-content\/uploads\/2021\/11\/transferir-12.jpeg\"\n\t\t\t\t\t\tdata-qtmplayer-file=\"https:\/\/rna.ao\/rna.ao\/wp-content\/uploads\/2021\/11\/Rui-Sampaio.mp3\"\n\t\t\t\t\t\tdata-qtmplayer-title=\"Assentua-se a crise directiva na FAFUSA. Rui Sampaio demitiu-se do cargo de seleccionador nacional\"\n\t\t\t\t\t\tdata-qtmplayer-artist=\"RNA\"\n\t\t\t\t\t\tdata-qtmplayer-link=\"https:\/\/rna.ao\/rna.ao\/2021\/11\/19\/assentua-se-a-crise-directiva-na-fafusa-rui-sampaio-demitiu-se-do-cargo-de-seleccionador-nacional\/\"\n\t\t\t\t\t\tdata-qtmplayer-icon=\"file_download\"\n\t\t\t\t\t\tdata-qtmplayer-type=\"track\"\n\t\t\t class=\"qtmplayer-play qtmplayer-link-sec qtmplayer-play-btn\"><i class='material-icons'>play_arrow<\/i><\/span>\n\t\t<p>\n\t\t\t<span class=\"qtmplayer-tit\">Assentua-se a crise directiva na FAFUSA. Rui Sampaio demitiu-se do cargo de seleccionador nacional<\/span>\n\t\t\t<span class=\"qtmplayer-art\">RNA<\/span>\n\t\t<\/p>\n\t<\/li>\n\t\t<\/ul>\n\t<\/div>\t\t\t\n\t<\/li>\n<\/ul>\n<p>&nbsp;<\/p>\n","protected":false},"excerpt":{"rendered":"<p>Continuam os desentendimentos na Federa\u00e7\u00e3o Angolana de Futsal. Mais dois membros colocaram o lugar \u00e0 disposi\u00e7\u00e3o, nomeadamente, o treinador, Rui Sampaio, que orientou a selec\u00e7\u00e3o nacional no campeonato do mundo da Litu\u00e2nia e o vice-presidente desportivo, Abreu Neto &#8220;Gigito&#8221;. O treinador aponta interfer\u00eancias no seu trabalho como estando na base ...<\/p>\n","protected":false},"author":8,"featured_media":43261,"comment_status":"closed","ping_status":"closed","sticky":false,"template":"","format":"standard","meta":[],"categories":[145,125,164],"tags":[],"_links":{"self":[{"href":"https:\/\/rna.ao\/rna.ao\/wp-json\/wp\/v2\/posts\/43260"}],"collection":[{"href":"https:\/\/rna.ao\/rna.ao\/wp-json\/wp\/v2\/posts"}],"about":[{"href":"https:\/\/rna.ao\/rna.ao\/wp-json\/wp\/v2\/types\/post"}],"author":[{"embeddable":true,"href":"https:\/\/rna.ao\/rna.ao\/wp-json\/wp\/v2\/users\/8"}],"replies":[{"embeddable":true,"href":"https:\/\/rna.ao\/rna.ao\/wp-json\/wp\/v2\/comments?post=43260"}],"version-history":[{"count":1,"href":"https:\/\/rna.ao\/rna.ao\/wp-json\/wp\/v2\/posts\/43260\/revisions"}],"predecessor-version":[{"id":43264,"href":"https:\/\/rna.ao\/rna.ao\/wp-json\/wp\/v2\/posts\/43260\/revisions\/43264"}],"wp:featuredmedia":[{"embeddable":true,"href":"https:\/\/rna.ao\/rna.ao\/wp-json\/wp\/v2\/media\/43261"}],"wp:attachment":[{"href":"https:\/\/rna.ao\/rna.ao\/wp-json\/wp\/v2\/media?parent=43260"}],"wp:term":[{"taxonomy":"category","embeddable":true,"href":"https:\/\/rna.ao\/rna.ao\/wp-json\/wp\/v2\/categories?post=43260"},{"taxonomy":"post_tag","embeddable":true,"href":"https:\/\/rna.ao\/rna.ao\/wp-json\/wp\/v2\/tags?post=43260"}],"curies":[{"name":"wp","href":"https:\/\/api.w.org\/{rel}","templated":true}]}}