{"id":42972,"date":"2021-11-17T06:30:05","date_gmt":"2021-11-17T05:30:05","guid":{"rendered":"https:\/\/rna.ao\/rna.ao\/?p=42972"},"modified":"2021-11-17T08:11:17","modified_gmt":"2021-11-17T07:11:17","slug":"hoquei-patins-1o-de-agosto-e-marinha-de-guerra-medem-forcas-no-dream-space","status":"publish","type":"post","link":"https:\/\/rna.ao\/rna.ao\/2021\/11\/17\/hoquei-patins-1o-de-agosto-e-marinha-de-guerra-medem-forcas-no-dream-space\/","title":{"rendered":"H\u00f3quei Patins: 1\u00ba de Agosto e Marinha de Guerra medem for\u00e7as no Dream Space"},"content":{"rendered":"<p><img loading=\"lazy\" class=\"size-full wp-image-42974 alignleft\" src=\"https:\/\/rna.ao\/rna.ao\/wp-content\/uploads\/2021\/11\/Hoquei-Patins-1o-de-Agosto.jpg\" alt=\"\" width=\"299\" height=\"198\" \/>As emo\u00e7\u00f5es do campeonato nacional de h\u00f3quei em patins regressam nesta quarta-feira, 17 de Novembro, com a realiza\u00e7\u00e3o do jogo entre o Clube Desportivo 1\u00bade Agosto e Marinha de Guerra. Ou\u00e7a, no \u00e1udio abaixo, o lan\u00e7amento do embate com o rep\u00f3rter Afonso Lucas:<\/p>\n\t<div class=\"qtmplayer-playlist-large\">\n\t\t<ul class=\"qtmplayer-playlist\">\n\t\t\t\n\t\t\t\t\t<li class=\"qtmplayer-trackitem\">\n\t\t<img src=\"https:\/\/rna.ao\/rna.ao\/wp-content\/uploads\/2021\/11\/Hoquei-Patins-1o-de-Agosto-100x100.jpg\" alt=\"cover\">\t\t<span \t\t\tdata-qtmplayer-cover=\"https:\/\/rna.ao\/rna.ao\/wp-content\/uploads\/2021\/11\/Hoquei-Patins-1o-de-Agosto.jpg\"\n\t\t\t\t\t\tdata-qtmplayer-file=\"https:\/\/rna.ao\/rna.ao\/wp-content\/uploads\/2021\/11\/AFONSO-LUCAS-CAMPEONATO-NACIONAL-HOQUEI-17-11-21.mp3\"\n\t\t\t\t\t\tdata-qtmplayer-title=\"H\u00f3quei Patins: 1\u00ba de Agosto e Marinha de Guerra medem for\u00e7as no Dream Space\"\n\t\t\t\t\t\tdata-qtmplayer-artist=\"RNA\"\n\t\t\t\t\t\tdata-qtmplayer-link=\"https:\/\/rna.ao\/rna.ao\/2021\/11\/17\/hoquei-patins-1o-de-agosto-e-marinha-de-guerra-medem-forcas-no-dream-space\/\"\n\t\t\t\t\t\tdata-qtmplayer-icon=\"file_download\"\n\t\t\t\t\t\tdata-qtmplayer-type=\"track\"\n\t\t\t class=\"qtmplayer-play qtmplayer-link-sec qtmplayer-play-btn\"><i class='material-icons'>play_arrow<\/i><\/span>\n\t\t<p>\n\t\t\t<span class=\"qtmplayer-tit\">H\u00f3quei Patins: 1\u00ba de Agosto e Marinha de Guerra medem for\u00e7as no Dream Space<\/span>\n\t\t\t<span class=\"qtmplayer-art\">RNA<\/span>\n\t\t<\/p>\n\t<\/li>\n\t\t<\/ul>\n\t<\/div>\t\t\t\n\t\n<p>Fonte: R\u00e1dio 5\/RNA<\/p>\n","protected":false},"excerpt":{"rendered":"<p>As emo\u00e7\u00f5es do campeonato nacional de h\u00f3quei em patins regressam nesta quarta-feira, 17 de Novembro, com a realiza\u00e7\u00e3o do jogo entre o Clube Desportivo 1\u00bade Agosto e Marinha de Guerra. Ou\u00e7a, no \u00e1udio abaixo, o lan\u00e7amento do embate com o rep\u00f3rter Afonso Lucas: Fonte: R\u00e1dio 5\/RNA<\/p>\n","protected":false},"author":8,"featured_media":42974,"comment_status":"closed","ping_status":"closed","sticky":false,"template":"","format":"standard","meta":[],"categories":[145,125,164],"tags":[],"_links":{"self":[{"href":"https:\/\/rna.ao\/rna.ao\/wp-json\/wp\/v2\/posts\/42972"}],"collection":[{"href":"https:\/\/rna.ao\/rna.ao\/wp-json\/wp\/v2\/posts"}],"about":[{"href":"https:\/\/rna.ao\/rna.ao\/wp-json\/wp\/v2\/types\/post"}],"author":[{"embeddable":true,"href":"https:\/\/rna.ao\/rna.ao\/wp-json\/wp\/v2\/users\/8"}],"replies":[{"embeddable":true,"href":"https:\/\/rna.ao\/rna.ao\/wp-json\/wp\/v2\/comments?post=42972"}],"version-history":[{"count":1,"href":"https:\/\/rna.ao\/rna.ao\/wp-json\/wp\/v2\/posts\/42972\/revisions"}],"predecessor-version":[{"id":42975,"href":"https:\/\/rna.ao\/rna.ao\/wp-json\/wp\/v2\/posts\/42972\/revisions\/42975"}],"wp:featuredmedia":[{"embeddable":true,"href":"https:\/\/rna.ao\/rna.ao\/wp-json\/wp\/v2\/media\/42974"}],"wp:attachment":[{"href":"https:\/\/rna.ao\/rna.ao\/wp-json\/wp\/v2\/media?parent=42972"}],"wp:term":[{"taxonomy":"category","embeddable":true,"href":"https:\/\/rna.ao\/rna.ao\/wp-json\/wp\/v2\/categories?post=42972"},{"taxonomy":"post_tag","embeddable":true,"href":"https:\/\/rna.ao\/rna.ao\/wp-json\/wp\/v2\/tags?post=42972"}],"curies":[{"name":"wp","href":"https:\/\/api.w.org\/{rel}","templated":true}]}}