{"id":42965,"date":"2021-11-17T06:31:29","date_gmt":"2021-11-17T05:31:29","guid":{"rendered":"https:\/\/rna.ao\/rna.ao\/?p=42965"},"modified":"2021-11-17T08:02:18","modified_gmt":"2021-11-17T07:02:18","slug":"ja-com-pepe-claros-selecao-nacional-cumpre-hoje-2o-dia-de-preparacao-da-janela-qualificativa-ao-mundial-de-2023-na-asia","status":"publish","type":"post","link":"https:\/\/rna.ao\/rna.ao\/2021\/11\/17\/ja-com-pepe-claros-selecao-nacional-cumpre-hoje-2o-dia-de-preparacao-da-janela-qualificativa-ao-mundial-de-2023-na-asia\/","title":{"rendered":"J\u00e1 com Pepe Clar\u00f3s, sele\u00e7\u00e3o nacional cumpre hoje 2\u00ba dia de prepara\u00e7\u00e3o da janela qualificativa ao mundial de 2023 na \u00c1sia"},"content":{"rendered":"<p><img loading=\"lazy\" class=\"size-full wp-image-26829 alignleft\" src=\"https:\/\/rna.ao\/rna.ao\/wp-content\/uploads\/2021\/06\/Josep-Claros-2.jpg\" alt=\"\" width=\"297\" height=\"263\" \/>O t\u00e9cnico espanhol, Pepe Clar\u00f3s, j\u00e1 est\u00e1 em Benguela, e orienta hoje, quarta-feira, 17\/11, o grupo de atletas que convocou para preparar a janela qualificativa ao Mundial de 2023, em tr\u00eas pa\u00edses da \u00c1sia. Na ter\u00e7a-feira, 16\/11, o grupo cumpriu j\u00e1 o que foi a segunda sess\u00e3o de treinos, sob orienta\u00e7\u00e3o da dupla de t\u00e9cnicos-adjuntos, An\u00edbal Moreira e Miguel Pontes Lutonda, mas em que Golfate Buiamba, adoentado, se tornou a primeira preocupa\u00e7\u00e3o cl\u00ednica. Saiba mais, no \u00e1udio abaixo, com o jornalista Didier Silveira:<\/p>\n\t<div class=\"qtmplayer-playlist-large\">\n\t\t<ul class=\"qtmplayer-playlist\">\n\t\t\t\n\t\t\t\t\t<li class=\"qtmplayer-trackitem\">\n\t\t<img src=\"https:\/\/rna.ao\/rna.ao\/wp-content\/uploads\/2021\/06\/Josep-Claros-2-100x100.jpg\" alt=\"cover\">\t\t<span \t\t\tdata-qtmplayer-cover=\"https:\/\/rna.ao\/rna.ao\/wp-content\/uploads\/2021\/06\/Josep-Claros-2.jpg\"\n\t\t\t\t\t\tdata-qtmplayer-file=\"https:\/\/rna.ao\/rna.ao\/wp-content\/uploads\/2021\/11\/P-A-1-DIDIER-SILVEIRA-17-11-21.mp3\"\n\t\t\t\t\t\tdata-qtmplayer-title=\"J\u00e1 com Pepe Clar\u00f3s, sele\u00e7\u00e3o nacional cumpre hoje 2\u00ba dia de prepara\u00e7\u00e3o da janela qualificativa ao mundial de 2023 na \u00c1sia\"\n\t\t\t\t\t\tdata-qtmplayer-artist=\"RNA\"\n\t\t\t\t\t\tdata-qtmplayer-link=\"https:\/\/rna.ao\/rna.ao\/2021\/11\/17\/ja-com-pepe-claros-selecao-nacional-cumpre-hoje-2o-dia-de-preparacao-da-janela-qualificativa-ao-mundial-de-2023-na-asia\/\"\n\t\t\t\t\t\tdata-qtmplayer-icon=\"file_download\"\n\t\t\t\t\t\tdata-qtmplayer-type=\"track\"\n\t\t\t class=\"qtmplayer-play qtmplayer-link-sec qtmplayer-play-btn\"><i class='material-icons'>play_arrow<\/i><\/span>\n\t\t<p>\n\t\t\t<span class=\"qtmplayer-tit\">J\u00e1 com Pepe Clar\u00f3s, sele\u00e7\u00e3o nacional cumpre hoje 2\u00ba dia de prepara\u00e7\u00e3o da janela qualificativa ao mundial de 2023 na \u00c1sia<\/span>\n\t\t\t<span class=\"qtmplayer-art\">RNA<\/span>\n\t\t<\/p>\n\t<\/li>\n\t\t<\/ul>\n\t<\/div>\t\t\t\n\t\n<p>Fonte: R\u00e1dio 5\/RNA<\/p>\n","protected":false},"excerpt":{"rendered":"<p>O t\u00e9cnico espanhol, Pepe Clar\u00f3s, j\u00e1 est\u00e1 em Benguela, e orienta hoje, quarta-feira, 17\/11, o grupo de atletas que convocou para preparar a janela qualificativa ao Mundial de 2023, em tr\u00eas pa\u00edses da \u00c1sia. Na ter\u00e7a-feira, 16\/11, o grupo cumpriu j\u00e1 o que foi a segunda sess\u00e3o de treinos, sob ...<\/p>\n","protected":false},"author":8,"featured_media":26829,"comment_status":"closed","ping_status":"closed","sticky":false,"template":"","format":"standard","meta":[],"categories":[145,125,164],"tags":[],"_links":{"self":[{"href":"https:\/\/rna.ao\/rna.ao\/wp-json\/wp\/v2\/posts\/42965"}],"collection":[{"href":"https:\/\/rna.ao\/rna.ao\/wp-json\/wp\/v2\/posts"}],"about":[{"href":"https:\/\/rna.ao\/rna.ao\/wp-json\/wp\/v2\/types\/post"}],"author":[{"embeddable":true,"href":"https:\/\/rna.ao\/rna.ao\/wp-json\/wp\/v2\/users\/8"}],"replies":[{"embeddable":true,"href":"https:\/\/rna.ao\/rna.ao\/wp-json\/wp\/v2\/comments?post=42965"}],"version-history":[{"count":1,"href":"https:\/\/rna.ao\/rna.ao\/wp-json\/wp\/v2\/posts\/42965\/revisions"}],"predecessor-version":[{"id":42971,"href":"https:\/\/rna.ao\/rna.ao\/wp-json\/wp\/v2\/posts\/42965\/revisions\/42971"}],"wp:featuredmedia":[{"embeddable":true,"href":"https:\/\/rna.ao\/rna.ao\/wp-json\/wp\/v2\/media\/26829"}],"wp:attachment":[{"href":"https:\/\/rna.ao\/rna.ao\/wp-json\/wp\/v2\/media?parent=42965"}],"wp:term":[{"taxonomy":"category","embeddable":true,"href":"https:\/\/rna.ao\/rna.ao\/wp-json\/wp\/v2\/categories?post=42965"},{"taxonomy":"post_tag","embeddable":true,"href":"https:\/\/rna.ao\/rna.ao\/wp-json\/wp\/v2\/tags?post=42965"}],"curies":[{"name":"wp","href":"https:\/\/api.w.org\/{rel}","templated":true}]}}