{"id":42960,"date":"2021-11-17T07:52:48","date_gmt":"2021-11-17T06:52:48","guid":{"rendered":"https:\/\/rna.ao\/rna.ao\/?p=42960"},"modified":"2021-11-17T07:52:48","modified_gmt":"2021-11-17T06:52:48","slug":"benguela-e-huila-voltam-estar-ligadas-por-estrada-com-inauguracao-de-duas-pontes-na-estrada-nacional","status":"publish","type":"post","link":"https:\/\/rna.ao\/rna.ao\/2021\/11\/17\/benguela-e-huila-voltam-estar-ligadas-por-estrada-com-inauguracao-de-duas-pontes-na-estrada-nacional\/","title":{"rendered":"Benguela e Hu\u00edla voltam estar ligadas por estrada com inaugura\u00e7\u00e3o de duas pontes na Estrada Nacional"},"content":{"rendered":"<p><img loading=\"lazy\" class=\"size-full wp-image-42968 alignleft\" src=\"https:\/\/rna.ao\/rna.ao\/wp-content\/uploads\/2021\/11\/Manuel-Tavares-de-Almeida.jpg\" alt=\"\" width=\"294\" height=\"220\" \/>V\u00e3o ser inauguradas esta quarta-feira, 17 de Novembro, as Pontes sobre os Rios Caluhawa e Cutembo, na Estrada Nacional 105, que liga Benguela \u00e0 vizinha Prov\u00edncia da Hu\u00edla. O Ministro das Obras P\u00fablicas, Manuel Tavares de Almeida, vai orientar as duas cerim\u00f3nias. Clique, no \u00e1udio abaixo, e saiba mais na reportagem do Jos\u00e9 de Oliveira:<\/p>\n\t<div class=\"qtmplayer-playlist-large\">\n\t\t<ul class=\"qtmplayer-playlist\">\n\t\t\t\n\t\t\t\t\t<li class=\"qtmplayer-trackitem\">\n\t\t<img src=\"https:\/\/rna.ao\/rna.ao\/wp-content\/uploads\/2021\/11\/Manuel-Tavares-de-Almeida-100x100.jpg\" alt=\"cover\">\t\t<span \t\t\tdata-qtmplayer-cover=\"https:\/\/rna.ao\/rna.ao\/wp-content\/uploads\/2021\/11\/Manuel-Tavares-de-Almeida.jpg\"\n\t\t\t\t\t\tdata-qtmplayer-file=\"https:\/\/rna.ao\/rna.ao\/wp-content\/uploads\/2021\/11\/CAIMBAMBO-MINISTRO-DAS-OBRAS-PUBLICAS-07HRS.mp3\"\n\t\t\t\t\t\tdata-qtmplayer-title=\"Benguela e Hu\u00edla voltam estar ligadas por estrada com inaugura\u00e7\u00e3o de duas pontes na Estrada Nacional\"\n\t\t\t\t\t\tdata-qtmplayer-artist=\"RNA\"\n\t\t\t\t\t\tdata-qtmplayer-link=\"https:\/\/rna.ao\/rna.ao\/2021\/11\/17\/benguela-e-huila-voltam-estar-ligadas-por-estrada-com-inauguracao-de-duas-pontes-na-estrada-nacional\/\"\n\t\t\t\t\t\tdata-qtmplayer-icon=\"file_download\"\n\t\t\t\t\t\tdata-qtmplayer-type=\"track\"\n\t\t\t class=\"qtmplayer-play qtmplayer-link-sec qtmplayer-play-btn\"><i class='material-icons'>play_arrow<\/i><\/span>\n\t\t<p>\n\t\t\t<span class=\"qtmplayer-tit\">Benguela e Hu\u00edla voltam estar ligadas por estrada com inaugura\u00e7\u00e3o de duas pontes na Estrada Nacional<\/span>\n\t\t\t<span class=\"qtmplayer-art\">RNA<\/span>\n\t\t<\/p>\n\t<\/li>\n\t\t<\/ul>\n\t<\/div>\t\t\t\n\t\n<p>Fonte: RNA<\/p>\n","protected":false},"excerpt":{"rendered":"<p>V\u00e3o ser inauguradas esta quarta-feira, 17 de Novembro, as Pontes sobre os Rios Caluhawa e Cutembo, na Estrada Nacional 105, que liga Benguela \u00e0 vizinha Prov\u00edncia da Hu\u00edla. O Ministro das Obras P\u00fablicas, Manuel Tavares de Almeida, vai orientar as duas cerim\u00f3nias. Clique, no \u00e1udio abaixo, e saiba mais na ...<\/p>\n","protected":false},"author":8,"featured_media":42968,"comment_status":"closed","ping_status":"closed","sticky":false,"template":"","format":"standard","meta":[],"categories":[142,121,163],"tags":[],"_links":{"self":[{"href":"https:\/\/rna.ao\/rna.ao\/wp-json\/wp\/v2\/posts\/42960"}],"collection":[{"href":"https:\/\/rna.ao\/rna.ao\/wp-json\/wp\/v2\/posts"}],"about":[{"href":"https:\/\/rna.ao\/rna.ao\/wp-json\/wp\/v2\/types\/post"}],"author":[{"embeddable":true,"href":"https:\/\/rna.ao\/rna.ao\/wp-json\/wp\/v2\/users\/8"}],"replies":[{"embeddable":true,"href":"https:\/\/rna.ao\/rna.ao\/wp-json\/wp\/v2\/comments?post=42960"}],"version-history":[{"count":1,"href":"https:\/\/rna.ao\/rna.ao\/wp-json\/wp\/v2\/posts\/42960\/revisions"}],"predecessor-version":[{"id":42969,"href":"https:\/\/rna.ao\/rna.ao\/wp-json\/wp\/v2\/posts\/42960\/revisions\/42969"}],"wp:featuredmedia":[{"embeddable":true,"href":"https:\/\/rna.ao\/rna.ao\/wp-json\/wp\/v2\/media\/42968"}],"wp:attachment":[{"href":"https:\/\/rna.ao\/rna.ao\/wp-json\/wp\/v2\/media?parent=42960"}],"wp:term":[{"taxonomy":"category","embeddable":true,"href":"https:\/\/rna.ao\/rna.ao\/wp-json\/wp\/v2\/categories?post=42960"},{"taxonomy":"post_tag","embeddable":true,"href":"https:\/\/rna.ao\/rna.ao\/wp-json\/wp\/v2\/tags?post=42960"}],"curies":[{"name":"wp","href":"https:\/\/api.w.org\/{rel}","templated":true}]}}