{"id":42947,"date":"2021-11-17T07:25:49","date_gmt":"2021-11-17T06:25:49","guid":{"rendered":"https:\/\/rna.ao\/rna.ao\/?p=42947"},"modified":"2021-11-17T07:27:46","modified_gmt":"2021-11-17T06:27:46","slug":"trabalhadores-da-elisal-demarcam-se-de-manifestacoes-convocadas-para-hoje-sindicato-diz-que-os-mentores-nao-sao-trabalhadores-da-empresa","status":"publish","type":"post","link":"https:\/\/rna.ao\/rna.ao\/2021\/11\/17\/trabalhadores-da-elisal-demarcam-se-de-manifestacoes-convocadas-para-hoje-sindicato-diz-que-os-mentores-nao-sao-trabalhadores-da-empresa\/","title":{"rendered":"Trabalhadores da Elisal demarcam-se de manifesta\u00e7\u00f5es convocadas para hoje. Sindicato diz que os mentores n\u00e3o s\u00e3o trabalhadores da empresa"},"content":{"rendered":"<p><img loading=\"lazy\" class=\"size-medium wp-image-42952 aligncenter\" src=\"https:\/\/rna.ao\/rna.ao\/wp-content\/uploads\/2021\/11\/Elisal-trabalhadores-770x514.jpg\" alt=\"\" width=\"770\" height=\"514\" srcset=\"https:\/\/rna.ao\/rna.ao\/wp-content\/uploads\/2021\/11\/Elisal-trabalhadores-770x514.jpg 770w, https:\/\/rna.ao\/rna.ao\/wp-content\/uploads\/2021\/11\/Elisal-trabalhadores-768x512.jpg 768w, https:\/\/rna.ao\/rna.ao\/wp-content\/uploads\/2021\/11\/Elisal-trabalhadores.jpg 1024w\" sizes=\"(max-width: 770px) 100vw, 770px\" \/>A Comiss\u00e3o Sindical dos trabalhadores da Elisal desmentem as informa\u00e7\u00f5es, que d\u00e3o conta de uma eventual manifesta\u00e7\u00e3o prevista para esta quarta-feira, 17 de Novembro, defronte ao Governo Provincial de Luanda.<\/p>\n<p>Em nota p\u00fablica, a Comiss\u00e3o Sindical da Elisal esclarece, que n\u00e3o est\u00e1 convocada qualquer manifesta\u00e7\u00e3o, greve, ou outro tipo de reivindica\u00e7\u00f5es p\u00fablicas dos trabalhadores da empresa.<\/p>\n<p>Os Sindicalistas da Elisal dizem, igualmente, que os supostos organizadores da manifesta\u00e7\u00e3o n\u00e3o s\u00e3o funcion\u00e1rios da empresa, e que os trabalhadores da Elisal est\u00e3o filiados ao CG-SILA, o que n\u00e3o os permite reconhecer legitimidade de um outro \u00f3rg\u00e3o sindical a falar em nome dos trabalhadores.<\/p>\n<p>A nota avan\u00e7a ainda, que as rela\u00e7\u00f5es entre a Comiss\u00e3o Sindical e Conselho de Administra\u00e7\u00e3o da empresa s\u00e3o excelentes, na medida em que os pontos que constam do caderno reivindicativo t\u00eam sido atendidos, e os objectivos de desenvolvimento da empresa, definidos pelo Conselho de Administra\u00e7\u00e3o, v\u00e3o de encontro aos anseios dos trabalhadores no geral.<\/p>\n<p>Fonte: RNA<\/p>\n","protected":false},"excerpt":{"rendered":"<p>A Comiss\u00e3o Sindical dos trabalhadores da Elisal desmentem as informa\u00e7\u00f5es, que d\u00e3o conta de uma eventual manifesta\u00e7\u00e3o prevista para esta quarta-feira, 17 de Novembro, defronte ao Governo Provincial de Luanda. Em nota p\u00fablica, a Comiss\u00e3o Sindical da Elisal esclarece, que n\u00e3o est\u00e1 convocada qualquer manifesta\u00e7\u00e3o, greve, ou outro tipo de ...<\/p>\n","protected":false},"author":8,"featured_media":42953,"comment_status":"closed","ping_status":"closed","sticky":false,"template":"","format":"standard","meta":[],"categories":[141,133,163],"tags":[],"_links":{"self":[{"href":"https:\/\/rna.ao\/rna.ao\/wp-json\/wp\/v2\/posts\/42947"}],"collection":[{"href":"https:\/\/rna.ao\/rna.ao\/wp-json\/wp\/v2\/posts"}],"about":[{"href":"https:\/\/rna.ao\/rna.ao\/wp-json\/wp\/v2\/types\/post"}],"author":[{"embeddable":true,"href":"https:\/\/rna.ao\/rna.ao\/wp-json\/wp\/v2\/users\/8"}],"replies":[{"embeddable":true,"href":"https:\/\/rna.ao\/rna.ao\/wp-json\/wp\/v2\/comments?post=42947"}],"version-history":[{"count":3,"href":"https:\/\/rna.ao\/rna.ao\/wp-json\/wp\/v2\/posts\/42947\/revisions"}],"predecessor-version":[{"id":42958,"href":"https:\/\/rna.ao\/rna.ao\/wp-json\/wp\/v2\/posts\/42947\/revisions\/42958"}],"wp:featuredmedia":[{"embeddable":true,"href":"https:\/\/rna.ao\/rna.ao\/wp-json\/wp\/v2\/media\/42953"}],"wp:attachment":[{"href":"https:\/\/rna.ao\/rna.ao\/wp-json\/wp\/v2\/media?parent=42947"}],"wp:term":[{"taxonomy":"category","embeddable":true,"href":"https:\/\/rna.ao\/rna.ao\/wp-json\/wp\/v2\/categories?post=42947"},{"taxonomy":"post_tag","embeddable":true,"href":"https:\/\/rna.ao\/rna.ao\/wp-json\/wp\/v2\/tags?post=42947"}],"curies":[{"name":"wp","href":"https:\/\/api.w.org\/{rel}","templated":true}]}}