{"id":42915,"date":"2021-11-16T10:35:22","date_gmt":"2021-11-16T09:35:22","guid":{"rendered":"https:\/\/rna.ao\/rna.ao\/?p=42915"},"modified":"2021-11-16T10:44:44","modified_gmt":"2021-11-16T09:44:44","slug":"para-saudar-o-dia-da-jmpla-braco-juvenil-do-partido-no-cazenga-realiza-palestra","status":"publish","type":"post","link":"https:\/\/rna.ao\/rna.ao\/2021\/11\/16\/para-saudar-o-dia-da-jmpla-braco-juvenil-do-partido-no-cazenga-realiza-palestra\/","title":{"rendered":"Para saudar o dia da JMPLA, bra\u00e7o juvenil do partido no Cazenga realiza palestra"},"content":{"rendered":"<p><img loading=\"lazy\" class=\"size-full wp-image-42917 alignleft\" src=\"https:\/\/rna.ao\/rna.ao\/wp-content\/uploads\/2021\/11\/JMPLA-Cazenga-1.jpg\" alt=\"\" width=\"300\" height=\"225\" \/>No \u00e2mbito das atividades que visam saudar o dia da Independ\u00eancia Nacional, e da funda\u00e7\u00e3o da JMPLA, o Secretariado Municipal do Cazenga, do bra\u00e7o juvenil do MPLA, realiza hoje, ter\u00e7a-feira, 16\/11, a partir das 15 horas, no Distrito Urbano do 11 de Novembro, uma palestra sobre \u201cA Import\u00e2ncia da juventude na Luta pela Independ\u00eancia\u201d. Orlando Manuel, primeiro secret\u00e1rio da JMPLA do Cazenga, fala do objetivo do certame. Clique no \u00e1udio e ou\u00e7a:<\/p>\n\t<div class=\"qtmplayer-playlist-large\">\n\t\t<ul class=\"qtmplayer-playlist\">\n\t\t\t\n\t\t\t\t\t<li class=\"qtmplayer-trackitem\">\n\t\t<img src=\"https:\/\/rna.ao\/rna.ao\/wp-content\/uploads\/2021\/11\/JMPLA-Cazenga-1-100x100.jpg\" alt=\"cover\">\t\t<span \t\t\tdata-qtmplayer-cover=\"https:\/\/rna.ao\/rna.ao\/wp-content\/uploads\/2021\/11\/JMPLA-Cazenga-1.jpg\"\n\t\t\t\t\t\tdata-qtmplayer-file=\"https:\/\/rna.ao\/rna.ao\/wp-content\/uploads\/2021\/11\/ORLANDO-MANUEL.mp3\"\n\t\t\t\t\t\tdata-qtmplayer-title=\"Para saudar o dia da JMPLA, bra\u00e7o juvenil do partido no Cazenga realiza palestra\"\n\t\t\t\t\t\tdata-qtmplayer-artist=\"RNA\"\n\t\t\t\t\t\tdata-qtmplayer-link=\"https:\/\/rna.ao\/rna.ao\/2021\/11\/16\/para-saudar-o-dia-da-jmpla-braco-juvenil-do-partido-no-cazenga-realiza-palestra\/\"\n\t\t\t\t\t\tdata-qtmplayer-icon=\"file_download\"\n\t\t\t\t\t\tdata-qtmplayer-type=\"track\"\n\t\t\t class=\"qtmplayer-play qtmplayer-link-sec qtmplayer-play-btn\"><i class='material-icons'>play_arrow<\/i><\/span>\n\t\t<p>\n\t\t\t<span class=\"qtmplayer-tit\">Para saudar o dia da JMPLA, bra\u00e7o juvenil do partido no Cazenga realiza palestra<\/span>\n\t\t\t<span class=\"qtmplayer-art\">RNA<\/span>\n\t\t<\/p>\n\t<\/li>\n\t\t<\/ul>\n\t<\/div>\t\t\t\n\t\n<p>Fonte: R\u00e1dio Luanda\/RNA<\/p>\n","protected":false},"excerpt":{"rendered":"<p>No \u00e2mbito das atividades que visam saudar o dia da Independ\u00eancia Nacional, e da funda\u00e7\u00e3o da JMPLA, o Secretariado Municipal do Cazenga, do bra\u00e7o juvenil do MPLA, realiza hoje, ter\u00e7a-feira, 16\/11, a partir das 15 horas, no Distrito Urbano do 11 de Novembro, uma palestra sobre \u201cA Import\u00e2ncia da juventude ...<\/p>\n","protected":false},"author":8,"featured_media":42917,"comment_status":"closed","ping_status":"closed","sticky":false,"template":"","format":"standard","meta":[],"categories":[141,133],"tags":[],"_links":{"self":[{"href":"https:\/\/rna.ao\/rna.ao\/wp-json\/wp\/v2\/posts\/42915"}],"collection":[{"href":"https:\/\/rna.ao\/rna.ao\/wp-json\/wp\/v2\/posts"}],"about":[{"href":"https:\/\/rna.ao\/rna.ao\/wp-json\/wp\/v2\/types\/post"}],"author":[{"embeddable":true,"href":"https:\/\/rna.ao\/rna.ao\/wp-json\/wp\/v2\/users\/8"}],"replies":[{"embeddable":true,"href":"https:\/\/rna.ao\/rna.ao\/wp-json\/wp\/v2\/comments?post=42915"}],"version-history":[{"count":3,"href":"https:\/\/rna.ao\/rna.ao\/wp-json\/wp\/v2\/posts\/42915\/revisions"}],"predecessor-version":[{"id":42920,"href":"https:\/\/rna.ao\/rna.ao\/wp-json\/wp\/v2\/posts\/42915\/revisions\/42920"}],"wp:featuredmedia":[{"embeddable":true,"href":"https:\/\/rna.ao\/rna.ao\/wp-json\/wp\/v2\/media\/42917"}],"wp:attachment":[{"href":"https:\/\/rna.ao\/rna.ao\/wp-json\/wp\/v2\/media?parent=42915"}],"wp:term":[{"taxonomy":"category","embeddable":true,"href":"https:\/\/rna.ao\/rna.ao\/wp-json\/wp\/v2\/categories?post=42915"},{"taxonomy":"post_tag","embeddable":true,"href":"https:\/\/rna.ao\/rna.ao\/wp-json\/wp\/v2\/tags?post=42915"}],"curies":[{"name":"wp","href":"https:\/\/api.w.org\/{rel}","templated":true}]}}