{"id":42909,"date":"2021-11-16T10:26:55","date_gmt":"2021-11-16T09:26:55","guid":{"rendered":"https:\/\/rna.ao\/rna.ao\/?p=42909"},"modified":"2021-11-16T10:46:22","modified_gmt":"2021-11-16T09:46:22","slug":"administrador-de-belas-garante-ate-ao-proximo-mes-as-obras-em-curso-no-quadro-do-piim-devem-ser-entregues","status":"publish","type":"post","link":"https:\/\/rna.ao\/rna.ao\/2021\/11\/16\/administrador-de-belas-garante-ate-ao-proximo-mes-as-obras-em-curso-no-quadro-do-piim-devem-ser-entregues\/","title":{"rendered":"Administrador de Belas garante: At\u00e9 ao pr\u00f3ximo m\u00eas as obras em curso no quadro do PIIM devem ser entregues"},"content":{"rendered":"<p><img loading=\"lazy\" class=\"size-medium wp-image-41025 aligncenter\" src=\"https:\/\/rna.ao\/rna.ao\/wp-content\/uploads\/2021\/10\/Miguel-Silva-de-Almeida-770x513.jpg\" alt=\"\" width=\"770\" height=\"513\" srcset=\"https:\/\/rna.ao\/rna.ao\/wp-content\/uploads\/2021\/10\/Miguel-Silva-de-Almeida-770x513.jpg 770w, https:\/\/rna.ao\/rna.ao\/wp-content\/uploads\/2021\/10\/Miguel-Silva-de-Almeida-768x512.jpg 768w, https:\/\/rna.ao\/rna.ao\/wp-content\/uploads\/2021\/10\/Miguel-Silva-de-Almeida.jpg 960w\" sizes=\"(max-width: 770px) 100vw, 770px\" \/>At\u00e9 dezembro, deste ano, todas as obras do PIIM em curso no Munic\u00edpio de Belas, ligadas ao sector da educa\u00e7\u00e3o, devem ser entregues. A informa\u00e7\u00e3o \u00e9 do Administrador Municipal de Belas, Miguel de Almeida, que diz que a esta altura as execu\u00e7\u00f5es f\u00edsicas das obras est\u00e3o acima de oitenta por cento. Clique no \u00e1udio e ou\u00e7a:<\/p>\n\t<div class=\"qtmplayer-playlist-large\">\n\t\t<ul class=\"qtmplayer-playlist\">\n\t\t\t\n\t\t\t\t\t<li class=\"qtmplayer-trackitem\">\n\t\t<img src=\"https:\/\/rna.ao\/rna.ao\/wp-content\/uploads\/2021\/10\/Miguel-Silva-de-Almeida-1-100x100.jpg\" alt=\"cover\">\t\t<span \t\t\tdata-qtmplayer-cover=\"https:\/\/rna.ao\/rna.ao\/wp-content\/uploads\/2021\/10\/Miguel-Silva-de-Almeida-1.jpg\"\n\t\t\t\t\t\tdata-qtmplayer-file=\"https:\/\/rna.ao\/rna.ao\/wp-content\/uploads\/2021\/11\/MIGUEL-DE-LAMEIDA-1.mp3\"\n\t\t\t\t\t\tdata-qtmplayer-title=\"Administrador de Belas garante: At\u00e9 ao pr\u00f3ximo m\u00eas as obras em curso no quadro do PIIM devem ser entregues\"\n\t\t\t\t\t\tdata-qtmplayer-artist=\"RNA\"\n\t\t\t\t\t\tdata-qtmplayer-link=\"https:\/\/rna.ao\/rna.ao\/2021\/11\/16\/administrador-de-belas-garante-ate-ao-proximo-mes-as-obras-em-curso-no-quadro-do-piim-devem-ser-entregues\/\"\n\t\t\t\t\t\tdata-qtmplayer-icon=\"file_download\"\n\t\t\t\t\t\tdata-qtmplayer-type=\"track\"\n\t\t\t class=\"qtmplayer-play qtmplayer-link-sec qtmplayer-play-btn\"><i class='material-icons'>play_arrow<\/i><\/span>\n\t\t<p>\n\t\t\t<span class=\"qtmplayer-tit\">Administrador de Belas garante: At\u00e9 ao pr\u00f3ximo m\u00eas as obras em curso no quadro do PIIM devem ser entregues<\/span>\n\t\t\t<span class=\"qtmplayer-art\">RNA<\/span>\n\t\t<\/p>\n\t<\/li>\n\t\t<\/ul>\n\t<\/div>\t\t\t\n\t\n<p>Para o programa de combate \u00e0 fome e a pobreza, no Munic\u00edpio de Belas, est\u00e3o em curso a\u00e7\u00f5es que visam a melhoria do fornecimento de \u00e1gua pot\u00e1vel e energia el\u00e9trica. Clique no \u00e1udio e ou\u00e7a o Administrador:<\/p>\n\t<div class=\"qtmplayer-playlist-large\">\n\t\t<ul class=\"qtmplayer-playlist\">\n\t\t\t\n\t\t\t\t\t<li class=\"qtmplayer-trackitem\">\n\t\t<img src=\"https:\/\/rna.ao\/rna.ao\/wp-content\/uploads\/2021\/10\/Miguel-Silva-de-Almeida-1-100x100.jpg\" alt=\"cover\">\t\t<span \t\t\tdata-qtmplayer-cover=\"https:\/\/rna.ao\/rna.ao\/wp-content\/uploads\/2021\/10\/Miguel-Silva-de-Almeida-1.jpg\"\n\t\t\t\t\t\tdata-qtmplayer-file=\"https:\/\/rna.ao\/rna.ao\/wp-content\/uploads\/2021\/11\/MIGUEL-DE-LAMEIDA-2.mp3\"\n\t\t\t\t\t\tdata-qtmplayer-title=\"Administrador de Belas garante: At\u00e9 ao pr\u00f3ximo m\u00eas as obras em curso no quadro do PIIM devem ser entregues\"\n\t\t\t\t\t\tdata-qtmplayer-artist=\"RNA\"\n\t\t\t\t\t\tdata-qtmplayer-link=\"https:\/\/rna.ao\/rna.ao\/2021\/11\/16\/administrador-de-belas-garante-ate-ao-proximo-mes-as-obras-em-curso-no-quadro-do-piim-devem-ser-entregues\/\"\n\t\t\t\t\t\tdata-qtmplayer-icon=\"file_download\"\n\t\t\t\t\t\tdata-qtmplayer-type=\"track\"\n\t\t\t class=\"qtmplayer-play qtmplayer-link-sec qtmplayer-play-btn\"><i class='material-icons'>play_arrow<\/i><\/span>\n\t\t<p>\n\t\t\t<span class=\"qtmplayer-tit\">Administrador de Belas garante: At\u00e9 ao pr\u00f3ximo m\u00eas as obras em curso no quadro do PIIM devem ser entregues<\/span>\n\t\t\t<span class=\"qtmplayer-art\">RNA<\/span>\n\t\t<\/p>\n\t<\/li>\n\t\t<\/ul>\n\t<\/div>\t\t\t\n\t\n<p>Fonte: R\u00e1dio Luanda\/RNA<\/p>\n<p>&nbsp;<\/p>\n","protected":false},"excerpt":{"rendered":"<p>At\u00e9 dezembro, deste ano, todas as obras do PIIM em curso no Munic\u00edpio de Belas, ligadas ao sector da educa\u00e7\u00e3o, devem ser entregues. A informa\u00e7\u00e3o \u00e9 do Administrador Municipal de Belas, Miguel de Almeida, que diz que a esta altura as execu\u00e7\u00f5es f\u00edsicas das obras est\u00e3o acima de oitenta por ...<\/p>\n","protected":false},"author":8,"featured_media":41026,"comment_status":"closed","ping_status":"closed","sticky":false,"template":"","format":"standard","meta":[],"categories":[141,133],"tags":[],"_links":{"self":[{"href":"https:\/\/rna.ao\/rna.ao\/wp-json\/wp\/v2\/posts\/42909"}],"collection":[{"href":"https:\/\/rna.ao\/rna.ao\/wp-json\/wp\/v2\/posts"}],"about":[{"href":"https:\/\/rna.ao\/rna.ao\/wp-json\/wp\/v2\/types\/post"}],"author":[{"embeddable":true,"href":"https:\/\/rna.ao\/rna.ao\/wp-json\/wp\/v2\/users\/8"}],"replies":[{"embeddable":true,"href":"https:\/\/rna.ao\/rna.ao\/wp-json\/wp\/v2\/comments?post=42909"}],"version-history":[{"count":2,"href":"https:\/\/rna.ao\/rna.ao\/wp-json\/wp\/v2\/posts\/42909\/revisions"}],"predecessor-version":[{"id":42921,"href":"https:\/\/rna.ao\/rna.ao\/wp-json\/wp\/v2\/posts\/42909\/revisions\/42921"}],"wp:featuredmedia":[{"embeddable":true,"href":"https:\/\/rna.ao\/rna.ao\/wp-json\/wp\/v2\/media\/41026"}],"wp:attachment":[{"href":"https:\/\/rna.ao\/rna.ao\/wp-json\/wp\/v2\/media?parent=42909"}],"wp:term":[{"taxonomy":"category","embeddable":true,"href":"https:\/\/rna.ao\/rna.ao\/wp-json\/wp\/v2\/categories?post=42909"},{"taxonomy":"post_tag","embeddable":true,"href":"https:\/\/rna.ao\/rna.ao\/wp-json\/wp\/v2\/tags?post=42909"}],"curies":[{"name":"wp","href":"https:\/\/api.w.org\/{rel}","templated":true}]}}