{"id":42907,"date":"2021-11-16T10:15:06","date_gmt":"2021-11-16T09:15:06","guid":{"rendered":"https:\/\/rna.ao\/rna.ao\/?p=42907"},"modified":"2021-11-16T10:15:06","modified_gmt":"2021-11-16T09:15:06","slug":"estao-disponiveis-em-cacuaco-28-vagas-para-o-preenchimento-no-concurso-publico-que-decorre-no-sector-da-educacao","status":"publish","type":"post","link":"https:\/\/rna.ao\/rna.ao\/2021\/11\/16\/estao-disponiveis-em-cacuaco-28-vagas-para-o-preenchimento-no-concurso-publico-que-decorre-no-sector-da-educacao\/","title":{"rendered":"Est\u00e3o dispon\u00edveis em Cacuaco 28 vagas para o preenchimento no concurso p\u00fablico que decorre no sector da educa\u00e7\u00e3o"},"content":{"rendered":"<p><img loading=\"lazy\" class=\"size-full wp-image-27120 alignleft\" src=\"https:\/\/rna.ao\/rna.ao\/wp-content\/uploads\/2021\/06\/concurso-publico_3.jpg\" alt=\"\" width=\"380\" height=\"280\" \/>Prossegue o concurso p\u00fablico para o preenchimento de vagas no sector da educa\u00e7\u00e3o. Em Cacuaco est\u00e3o dispon\u00edveis vinte e oito vagas, um numero insuficiente para atender a procura no munic\u00edpio. Saiba mais, no \u00e1udio abaixo, com a rep\u00f3rter Jane Ferreira:<\/p>\n\t<div class=\"qtmplayer-playlist-large\">\n\t\t<ul class=\"qtmplayer-playlist\">\n\t\t\t\n\t\t\t\t\t<li class=\"qtmplayer-trackitem\">\n\t\t<img src=\"https:\/\/rna.ao\/rna.ao\/wp-content\/uploads\/2021\/06\/concurso-publico_3-100x100.jpg\" alt=\"cover\">\t\t<span \t\t\tdata-qtmplayer-cover=\"https:\/\/rna.ao\/rna.ao\/wp-content\/uploads\/2021\/06\/concurso-publico_3.jpg\"\n\t\t\t\t\t\tdata-qtmplayer-file=\"https:\/\/rna.ao\/rna.ao\/wp-content\/uploads\/2021\/11\/JANNE-FERREIRA-CONCURSO-PUBLICO-EDUCACAO.mp3\"\n\t\t\t\t\t\tdata-qtmplayer-title=\"Est\u00e3o dispon\u00edveis em Cacuaco 28 vagas para o preenchimento no concurso p\u00fablico que decorre no sector da educa\u00e7\u00e3o\"\n\t\t\t\t\t\tdata-qtmplayer-artist=\"RNA\"\n\t\t\t\t\t\tdata-qtmplayer-link=\"https:\/\/rna.ao\/rna.ao\/2021\/11\/16\/estao-disponiveis-em-cacuaco-28-vagas-para-o-preenchimento-no-concurso-publico-que-decorre-no-sector-da-educacao\/\"\n\t\t\t\t\t\tdata-qtmplayer-icon=\"file_download\"\n\t\t\t\t\t\tdata-qtmplayer-type=\"track\"\n\t\t\t class=\"qtmplayer-play qtmplayer-link-sec qtmplayer-play-btn\"><i class='material-icons'>play_arrow<\/i><\/span>\n\t\t<p>\n\t\t\t<span class=\"qtmplayer-tit\">Est\u00e3o dispon\u00edveis em Cacuaco 28 vagas para o preenchimento no concurso p\u00fablico que decorre no sector da educa\u00e7\u00e3o<\/span>\n\t\t\t<span class=\"qtmplayer-art\">RNA<\/span>\n\t\t<\/p>\n\t<\/li>\n\t\t<\/ul>\n\t<\/div>\t\t\t\n\t\n<p>Fonte: R\u00e1dio Luanda\/RNA<\/p>\n","protected":false},"excerpt":{"rendered":"<p>Prossegue o concurso p\u00fablico para o preenchimento de vagas no sector da educa\u00e7\u00e3o. Em Cacuaco est\u00e3o dispon\u00edveis vinte e oito vagas, um numero insuficiente para atender a procura no munic\u00edpio. Saiba mais, no \u00e1udio abaixo, com a rep\u00f3rter Jane Ferreira: Fonte: R\u00e1dio Luanda\/RNA<\/p>\n","protected":false},"author":8,"featured_media":27120,"comment_status":"closed","ping_status":"closed","sticky":false,"template":"","format":"standard","meta":[],"categories":[141,133],"tags":[],"_links":{"self":[{"href":"https:\/\/rna.ao\/rna.ao\/wp-json\/wp\/v2\/posts\/42907"}],"collection":[{"href":"https:\/\/rna.ao\/rna.ao\/wp-json\/wp\/v2\/posts"}],"about":[{"href":"https:\/\/rna.ao\/rna.ao\/wp-json\/wp\/v2\/types\/post"}],"author":[{"embeddable":true,"href":"https:\/\/rna.ao\/rna.ao\/wp-json\/wp\/v2\/users\/8"}],"replies":[{"embeddable":true,"href":"https:\/\/rna.ao\/rna.ao\/wp-json\/wp\/v2\/comments?post=42907"}],"version-history":[{"count":1,"href":"https:\/\/rna.ao\/rna.ao\/wp-json\/wp\/v2\/posts\/42907\/revisions"}],"predecessor-version":[{"id":42910,"href":"https:\/\/rna.ao\/rna.ao\/wp-json\/wp\/v2\/posts\/42907\/revisions\/42910"}],"wp:featuredmedia":[{"embeddable":true,"href":"https:\/\/rna.ao\/rna.ao\/wp-json\/wp\/v2\/media\/27120"}],"wp:attachment":[{"href":"https:\/\/rna.ao\/rna.ao\/wp-json\/wp\/v2\/media?parent=42907"}],"wp:term":[{"taxonomy":"category","embeddable":true,"href":"https:\/\/rna.ao\/rna.ao\/wp-json\/wp\/v2\/categories?post=42907"},{"taxonomy":"post_tag","embeddable":true,"href":"https:\/\/rna.ao\/rna.ao\/wp-json\/wp\/v2\/tags?post=42907"}],"curies":[{"name":"wp","href":"https:\/\/api.w.org\/{rel}","templated":true}]}}