{"id":42890,"date":"2021-11-16T09:30:13","date_gmt":"2021-11-16T08:30:13","guid":{"rendered":"https:\/\/rna.ao\/rna.ao\/?p=42890"},"modified":"2021-11-16T09:30:13","modified_gmt":"2021-11-16T08:30:13","slug":"programa-piloto-de-reconversao-da-economia-informal-vai-captar-mais-investimentos-mas-economista-alerta-desafios-que-o-executivo-vai-enfrentar","status":"publish","type":"post","link":"https:\/\/rna.ao\/rna.ao\/2021\/11\/16\/programa-piloto-de-reconversao-da-economia-informal-vai-captar-mais-investimentos-mas-economista-alerta-desafios-que-o-executivo-vai-enfrentar\/","title":{"rendered":"Programa piloto de reconvers\u00e3o da economia informal vai captar mais investimentos, mas economista alerta desafios que o Executivo vai enfrentar"},"content":{"rendered":"<p><img loading=\"lazy\" class=\" wp-image-11495 alignleft\" src=\"https:\/\/rna.ao\/rna.ao\/wp-content\/uploads\/2020\/11\/receber-suborno-dinheiro-corrupcao.jpg\" alt=\"\" width=\"320\" height=\"213\" \/>O Governo lan\u00e7a esta ter\u00e7a-feira, 16 de Novembro, no Mercado do 30, Prov\u00edncia de Luanda, o programa de reconvers\u00e3o da economia informal. O acto formal \u00e9 presidido pelo Ministro de Estado e da Coordena\u00e7\u00e3o Econ\u00f3mica, Manuel Nunes j\u00fanior. O mercado do 30, que \u00e9 um dos maiores abastecedores de Luanda, por isso, \u00e9 encarado como uma solu\u00e7\u00e3o vi\u00e1vel, para o lan\u00e7amento piloto do programa, que se espera venha ser uma solu\u00e7\u00e3o para reduzir o grau de informalidade na nossa economia.<\/p>\n<p>Entretanto, o economista Afonso Malaca entende, que a iniciativa \u00e9 boa, e que o Estado possa captar mais receitas em impostos, mas alerta para os desafios que o Executivo vai ter de enfrentar. Clique no \u00e1udio e ou\u00e7a:<\/p>\n\t<div class=\"qtmplayer-playlist-large\">\n\t\t<ul class=\"qtmplayer-playlist\">\n\t\t\t\n\t\t\t\t\t<li class=\"qtmplayer-trackitem\">\n\t\t<img src=\"https:\/\/rna.ao\/rna.ao\/wp-content\/uploads\/2020\/11\/receber-suborno-dinheiro-corrupcao-100x100.jpg\" alt=\"cover\">\t\t<span \t\t\tdata-qtmplayer-cover=\"https:\/\/rna.ao\/rna.ao\/wp-content\/uploads\/2020\/11\/receber-suborno-dinheiro-corrupcao-370x370.jpg\"\n\t\t\t\t\t\tdata-qtmplayer-file=\"https:\/\/rna.ao\/rna.ao\/wp-content\/uploads\/2021\/11\/AFONSO-MALACA-7HRS.mp3\"\n\t\t\t\t\t\tdata-qtmplayer-title=\"Programa piloto de reconvers\u00e3o da economia informal vai captar mais investimentos, mas economista alerta desafios que o Executivo vai enfrentar\"\n\t\t\t\t\t\tdata-qtmplayer-artist=\"RNA\"\n\t\t\t\t\t\tdata-qtmplayer-link=\"https:\/\/rna.ao\/rna.ao\/2021\/11\/16\/programa-piloto-de-reconversao-da-economia-informal-vai-captar-mais-investimentos-mas-economista-alerta-desafios-que-o-executivo-vai-enfrentar\/\"\n\t\t\t\t\t\tdata-qtmplayer-icon=\"file_download\"\n\t\t\t\t\t\tdata-qtmplayer-type=\"track\"\n\t\t\t class=\"qtmplayer-play qtmplayer-link-sec qtmplayer-play-btn\"><i class='material-icons'>play_arrow<\/i><\/span>\n\t\t<p>\n\t\t\t<span class=\"qtmplayer-tit\">Programa piloto de reconvers\u00e3o da economia informal vai captar mais investimentos, mas economista alerta desafios que o Executivo vai enfrentar<\/span>\n\t\t\t<span class=\"qtmplayer-art\">RNA<\/span>\n\t\t<\/p>\n\t<\/li>\n\t\t<\/ul>\n\t<\/div>\t\t\t\n\t\n<p>Fonte: RNA<\/p>\n","protected":false},"excerpt":{"rendered":"<p>O Governo lan\u00e7a esta ter\u00e7a-feira, 16 de Novembro, no Mercado do 30, Prov\u00edncia de Luanda, o programa de reconvers\u00e3o da economia informal. O acto formal \u00e9 presidido pelo Ministro de Estado e da Coordena\u00e7\u00e3o Econ\u00f3mica, Manuel Nunes j\u00fanior. O mercado do 30, que \u00e9 um dos maiores abastecedores de Luanda, ...<\/p>\n","protected":false},"author":8,"featured_media":11495,"comment_status":"closed","ping_status":"closed","sticky":false,"template":"","format":"standard","meta":[],"categories":[121,163],"tags":[],"_links":{"self":[{"href":"https:\/\/rna.ao\/rna.ao\/wp-json\/wp\/v2\/posts\/42890"}],"collection":[{"href":"https:\/\/rna.ao\/rna.ao\/wp-json\/wp\/v2\/posts"}],"about":[{"href":"https:\/\/rna.ao\/rna.ao\/wp-json\/wp\/v2\/types\/post"}],"author":[{"embeddable":true,"href":"https:\/\/rna.ao\/rna.ao\/wp-json\/wp\/v2\/users\/8"}],"replies":[{"embeddable":true,"href":"https:\/\/rna.ao\/rna.ao\/wp-json\/wp\/v2\/comments?post=42890"}],"version-history":[{"count":1,"href":"https:\/\/rna.ao\/rna.ao\/wp-json\/wp\/v2\/posts\/42890\/revisions"}],"predecessor-version":[{"id":42897,"href":"https:\/\/rna.ao\/rna.ao\/wp-json\/wp\/v2\/posts\/42890\/revisions\/42897"}],"wp:featuredmedia":[{"embeddable":true,"href":"https:\/\/rna.ao\/rna.ao\/wp-json\/wp\/v2\/media\/11495"}],"wp:attachment":[{"href":"https:\/\/rna.ao\/rna.ao\/wp-json\/wp\/v2\/media?parent=42890"}],"wp:term":[{"taxonomy":"category","embeddable":true,"href":"https:\/\/rna.ao\/rna.ao\/wp-json\/wp\/v2\/categories?post=42890"},{"taxonomy":"post_tag","embeddable":true,"href":"https:\/\/rna.ao\/rna.ao\/wp-json\/wp\/v2\/tags?post=42890"}],"curies":[{"name":"wp","href":"https:\/\/api.w.org\/{rel}","templated":true}]}}