{"id":42878,"date":"2021-11-16T08:57:13","date_gmt":"2021-11-16T07:57:13","guid":{"rendered":"https:\/\/rna.ao\/rna.ao\/?p=42878"},"modified":"2021-11-16T08:57:13","modified_gmt":"2021-11-16T07:57:13","slug":"moxico-criancas-do-ensino-primario-com-atraso-escolar-ja-frequentam-aulas-de-recuperacao","status":"publish","type":"post","link":"https:\/\/rna.ao\/rna.ao\/2021\/11\/16\/moxico-criancas-do-ensino-primario-com-atraso-escolar-ja-frequentam-aulas-de-recuperacao\/","title":{"rendered":"Moxico: Crian\u00e7as do ensino prim\u00e1rio com atraso escolar j\u00e1 frequentam aulas de recupera\u00e7\u00e3o"},"content":{"rendered":"<p><img loading=\"lazy\" class=\"size-medium wp-image-6541 aligncenter\" src=\"https:\/\/rna.ao\/rna.ao\/wp-content\/uploads\/2020\/10\/Alunos-sala-de-aulas-1-770x372.jpg\" alt=\"\" width=\"770\" height=\"372\" srcset=\"https:\/\/rna.ao\/rna.ao\/wp-content\/uploads\/2020\/10\/Alunos-sala-de-aulas-1-770x372.jpg 770w, https:\/\/rna.ao\/rna.ao\/wp-content\/uploads\/2020\/10\/Alunos-sala-de-aulas-1-768x371.jpg 768w, https:\/\/rna.ao\/rna.ao\/wp-content\/uploads\/2020\/10\/Alunos-sala-de-aulas-1.jpg 1092w\" sizes=\"(max-width: 770px) 100vw, 770px\" \/>Catorze mil alunos do ensino prim\u00e1rio com atraso escolar, na Prov\u00edncia do Moxico, est\u00e3o a superar o referido problema. Isso \u00e9 poss\u00edvel atrav\u00e9s do Programa de Recupera\u00e7\u00e3o Escolar, que possibilita frequentar duas classes no mesmo ano lectivo. Ou\u00e7a, no \u00e1udio abaixo, toda hist\u00f3ria na reportagem da Florentina Dala:<\/p>\n\t<div class=\"qtmplayer-playlist-large\">\n\t\t<ul class=\"qtmplayer-playlist\">\n\t\t\t\n\t\t\t\t\t<li class=\"qtmplayer-trackitem\">\n\t\t<img src=\"https:\/\/rna.ao\/rna.ao\/wp-content\/uploads\/2020\/10\/Alunos-sala-de-aulas-1-100x100.jpg\" alt=\"cover\">\t\t<span \t\t\tdata-qtmplayer-cover=\"https:\/\/rna.ao\/rna.ao\/wp-content\/uploads\/2020\/10\/Alunos-sala-de-aulas-1-370x370.jpg\"\n\t\t\t\t\t\tdata-qtmplayer-file=\"https:\/\/rna.ao\/rna.ao\/wp-content\/uploads\/2021\/11\/MOXICO-ATRASO-ESCOLAR-07-HRS.mp3\"\n\t\t\t\t\t\tdata-qtmplayer-title=\"Moxico: Crian\u00e7as do ensino prim\u00e1rio com atraso escolar j\u00e1 frequentam aulas de recupera\u00e7\u00e3o\"\n\t\t\t\t\t\tdata-qtmplayer-artist=\"RNA\"\n\t\t\t\t\t\tdata-qtmplayer-link=\"https:\/\/rna.ao\/rna.ao\/2021\/11\/16\/moxico-criancas-do-ensino-primario-com-atraso-escolar-ja-frequentam-aulas-de-recuperacao\/\"\n\t\t\t\t\t\tdata-qtmplayer-icon=\"file_download\"\n\t\t\t\t\t\tdata-qtmplayer-type=\"track\"\n\t\t\t class=\"qtmplayer-play qtmplayer-link-sec qtmplayer-play-btn\"><i class='material-icons'>play_arrow<\/i><\/span>\n\t\t<p>\n\t\t\t<span class=\"qtmplayer-tit\">Moxico: Crian\u00e7as do ensino prim\u00e1rio com atraso escolar j\u00e1 frequentam aulas de recupera\u00e7\u00e3o<\/span>\n\t\t\t<span class=\"qtmplayer-art\">RNA<\/span>\n\t\t<\/p>\n\t<\/li>\n\t\t<\/ul>\n\t<\/div>\t\t\t\n\t\n<p>Fonte: RNA<\/p>\n","protected":false},"excerpt":{"rendered":"<p>Catorze mil alunos do ensino prim\u00e1rio com atraso escolar, na Prov\u00edncia do Moxico, est\u00e3o a superar o referido problema. Isso \u00e9 poss\u00edvel atrav\u00e9s do Programa de Recupera\u00e7\u00e3o Escolar, que possibilita frequentar duas classes no mesmo ano lectivo. Ou\u00e7a, no \u00e1udio abaixo, toda hist\u00f3ria na reportagem da Florentina Dala: Fonte: RNA<\/p>\n","protected":false},"author":8,"featured_media":6541,"comment_status":"closed","ping_status":"closed","sticky":false,"template":"","format":"standard","meta":[],"categories":[121,163],"tags":[],"_links":{"self":[{"href":"https:\/\/rna.ao\/rna.ao\/wp-json\/wp\/v2\/posts\/42878"}],"collection":[{"href":"https:\/\/rna.ao\/rna.ao\/wp-json\/wp\/v2\/posts"}],"about":[{"href":"https:\/\/rna.ao\/rna.ao\/wp-json\/wp\/v2\/types\/post"}],"author":[{"embeddable":true,"href":"https:\/\/rna.ao\/rna.ao\/wp-json\/wp\/v2\/users\/8"}],"replies":[{"embeddable":true,"href":"https:\/\/rna.ao\/rna.ao\/wp-json\/wp\/v2\/comments?post=42878"}],"version-history":[{"count":1,"href":"https:\/\/rna.ao\/rna.ao\/wp-json\/wp\/v2\/posts\/42878\/revisions"}],"predecessor-version":[{"id":42887,"href":"https:\/\/rna.ao\/rna.ao\/wp-json\/wp\/v2\/posts\/42878\/revisions\/42887"}],"wp:featuredmedia":[{"embeddable":true,"href":"https:\/\/rna.ao\/rna.ao\/wp-json\/wp\/v2\/media\/6541"}],"wp:attachment":[{"href":"https:\/\/rna.ao\/rna.ao\/wp-json\/wp\/v2\/media?parent=42878"}],"wp:term":[{"taxonomy":"category","embeddable":true,"href":"https:\/\/rna.ao\/rna.ao\/wp-json\/wp\/v2\/categories?post=42878"},{"taxonomy":"post_tag","embeddable":true,"href":"https:\/\/rna.ao\/rna.ao\/wp-json\/wp\/v2\/tags?post=42878"}],"curies":[{"name":"wp","href":"https:\/\/api.w.org\/{rel}","templated":true}]}}