{"id":42877,"date":"2021-11-16T08:48:19","date_gmt":"2021-11-16T07:48:19","guid":{"rendered":"https:\/\/rna.ao\/rna.ao\/?p=42877"},"modified":"2021-11-16T09:45:20","modified_gmt":"2021-11-16T08:45:20","slug":"simao-makasu-e-mpinga-mbala-disputam-presidencia-do-pdo-ana-em-congresso-agendado-para-28-de-novembro","status":"publish","type":"post","link":"https:\/\/rna.ao\/rna.ao\/2021\/11\/16\/simao-makasu-e-mpinga-mbala-disputam-presidencia-do-pdo-ana-em-congresso-agendado-para-28-de-novembro\/","title":{"rendered":"Sim\u00e3o Makasu e Mpinga Mbala disputam presid\u00eancia do PDP-ANA em Congresso agendado para 28 de Novembro"},"content":{"rendered":"<p><img loading=\"lazy\" class=\"size-full wp-image-42881 alignleft\" src=\"https:\/\/rna.ao\/rna.ao\/wp-content\/uploads\/2021\/11\/PDP-ANA-bandeira.jpg\" alt=\"\" width=\"275\" height=\"183\" \/>O Presidente do PDP-ANA, Sim\u00e3o Makasu, vai concorrer \u00e0 sua pr\u00f3pria sucess\u00e3o, durante o segundo Congresso Ordin\u00e1rio daquele partido. O conclave acontece dia 28 deste m\u00eas, Novembro, e poder\u00e1 contar com outros quatro (4) candidatos, que j\u00e1 manifestaram esta inten\u00e7\u00e3o. Ou\u00e7a, no \u00e1udio abaixo, o rep\u00f3rter Ant\u00f3nio Chocolate com mais desenvolvimento:<\/p>\n\t<div class=\"qtmplayer-playlist-large\">\n\t\t<ul class=\"qtmplayer-playlist\">\n\t\t\t\n\t\t\t\t\t<li class=\"qtmplayer-trackitem\">\n\t\t<img src=\"https:\/\/rna.ao\/rna.ao\/wp-content\/uploads\/2021\/11\/PDP-ANA-bandeira-100x100.jpg\" alt=\"cover\">\t\t<span \t\t\tdata-qtmplayer-cover=\"https:\/\/rna.ao\/rna.ao\/wp-content\/uploads\/2021\/11\/PDP-ANA-bandeira.jpg\"\n\t\t\t\t\t\tdata-qtmplayer-file=\"https:\/\/rna.ao\/rna.ao\/wp-content\/uploads\/2021\/11\/ANTONIO-CHOCOLATE-07HRS-.mp3\"\n\t\t\t\t\t\tdata-qtmplayer-title=\"Sim\u00e3o Makasu e Mpinga Mbala disputam presid\u00eancia do PDP-ANA em Congresso agendado para 28 de Novembro\"\n\t\t\t\t\t\tdata-qtmplayer-artist=\"RNA\"\n\t\t\t\t\t\tdata-qtmplayer-link=\"https:\/\/rna.ao\/rna.ao\/2021\/11\/16\/simao-makasu-e-mpinga-mbala-disputam-presidencia-do-pdo-ana-em-congresso-agendado-para-28-de-novembro\/\"\n\t\t\t\t\t\tdata-qtmplayer-icon=\"file_download\"\n\t\t\t\t\t\tdata-qtmplayer-type=\"track\"\n\t\t\t class=\"qtmplayer-play qtmplayer-link-sec qtmplayer-play-btn\"><i class='material-icons'>play_arrow<\/i><\/span>\n\t\t<p>\n\t\t\t<span class=\"qtmplayer-tit\">Sim\u00e3o Makasu e Mpinga Mbala disputam presid\u00eancia do PDP-ANA em Congresso agendado para 28 de Novembro<\/span>\n\t\t\t<span class=\"qtmplayer-art\">RNA<\/span>\n\t\t<\/p>\n\t<\/li>\n\t\t<\/ul>\n\t<\/div>\t\t\t\n\t\n<p>Fonte: RNA<\/p>\n","protected":false},"excerpt":{"rendered":"<p>O Presidente do PDP-ANA, Sim\u00e3o Makasu, vai concorrer \u00e0 sua pr\u00f3pria sucess\u00e3o, durante o segundo Congresso Ordin\u00e1rio daquele partido. O conclave acontece dia 28 deste m\u00eas, Novembro, e poder\u00e1 contar com outros quatro (4) candidatos, que j\u00e1 manifestaram esta inten\u00e7\u00e3o. Ou\u00e7a, no \u00e1udio abaixo, o rep\u00f3rter Ant\u00f3nio Chocolate com mais ...<\/p>\n","protected":false},"author":8,"featured_media":42881,"comment_status":"closed","ping_status":"closed","sticky":false,"template":"","format":"standard","meta":[],"categories":[142,121,163],"tags":[],"_links":{"self":[{"href":"https:\/\/rna.ao\/rna.ao\/wp-json\/wp\/v2\/posts\/42877"}],"collection":[{"href":"https:\/\/rna.ao\/rna.ao\/wp-json\/wp\/v2\/posts"}],"about":[{"href":"https:\/\/rna.ao\/rna.ao\/wp-json\/wp\/v2\/types\/post"}],"author":[{"embeddable":true,"href":"https:\/\/rna.ao\/rna.ao\/wp-json\/wp\/v2\/users\/8"}],"replies":[{"embeddable":true,"href":"https:\/\/rna.ao\/rna.ao\/wp-json\/wp\/v2\/comments?post=42877"}],"version-history":[{"count":2,"href":"https:\/\/rna.ao\/rna.ao\/wp-json\/wp\/v2\/posts\/42877\/revisions"}],"predecessor-version":[{"id":42898,"href":"https:\/\/rna.ao\/rna.ao\/wp-json\/wp\/v2\/posts\/42877\/revisions\/42898"}],"wp:featuredmedia":[{"embeddable":true,"href":"https:\/\/rna.ao\/rna.ao\/wp-json\/wp\/v2\/media\/42881"}],"wp:attachment":[{"href":"https:\/\/rna.ao\/rna.ao\/wp-json\/wp\/v2\/media?parent=42877"}],"wp:term":[{"taxonomy":"category","embeddable":true,"href":"https:\/\/rna.ao\/rna.ao\/wp-json\/wp\/v2\/categories?post=42877"},{"taxonomy":"post_tag","embeddable":true,"href":"https:\/\/rna.ao\/rna.ao\/wp-json\/wp\/v2\/tags?post=42877"}],"curies":[{"name":"wp","href":"https:\/\/api.w.org\/{rel}","templated":true}]}}