{"id":42859,"date":"2021-11-16T08:20:04","date_gmt":"2021-11-16T07:20:04","guid":{"rendered":"https:\/\/rna.ao\/rna.ao\/?p=42859"},"modified":"2021-11-16T08:20:04","modified_gmt":"2021-11-16T07:20:04","slug":"mais-de-cem-mil-professores-do-ensino-geral-vao-ver-actualizadas-as-carreiras-e-categorias-dentro-dos-proximos-60-dias","status":"publish","type":"post","link":"https:\/\/rna.ao\/rna.ao\/2021\/11\/16\/mais-de-cem-mil-professores-do-ensino-geral-vao-ver-actualizadas-as-carreiras-e-categorias-dentro-dos-proximos-60-dias\/","title":{"rendered":"Mais de cem mil professores do ensino geral v\u00e3o ver actualizadas as carreiras e categorias dentro dos pr\u00f3ximos 60 dias"},"content":{"rendered":"<p><img loading=\"lazy\" class=\"size-full wp-image-33902 alignleft\" src=\"https:\/\/rna.ao\/rna.ao\/wp-content\/uploads\/2021\/08\/Gildo-Matias.jpg\" alt=\"\" width=\"313\" height=\"241\" \/>Mais de cem mil professores do ensino geral v\u00e3o\u00a0 ver as suas categorias actualizadas, dentro dos pr\u00f3ximos sessenta dias. Este n\u00famero de professores fazem parte de um grupo de 180 mil professores, que o Sindicato exigia que transitassem na carreira e vissem actualizadas as suas categorias. O Secret\u00e1rio de Estado da Educa\u00e7\u00e3o, Gildo Matias, diz que a medida faz parte de um compromisso, assumido pelo Governo junto do Sindicato dos professores, por altura de uma reuni\u00e3o, que visou travar uma poss\u00edvel greve no ensino geral. Clique no \u00e1udio e ou\u00e7a:<\/p>\n\t<div class=\"qtmplayer-playlist-large\">\n\t\t<ul class=\"qtmplayer-playlist\">\n\t\t\t\n\t\t\t\t\t<li class=\"qtmplayer-trackitem\">\n\t\t<img src=\"https:\/\/rna.ao\/rna.ao\/wp-content\/uploads\/2021\/11\/Professor-100x100.jpg\" alt=\"cover\">\t\t<span \t\t\tdata-qtmplayer-cover=\"https:\/\/rna.ao\/rna.ao\/wp-content\/uploads\/2021\/11\/Professor.jpg\"\n\t\t\t\t\t\tdata-qtmplayer-file=\"https:\/\/rna.ao\/rna.ao\/wp-content\/uploads\/2021\/11\/GILDO-MATIAS-1-7HRS.mp3\"\n\t\t\t\t\t\tdata-qtmplayer-title=\"Mais de cem mil professores do ensino geral v\u00e3o ver actualizadas as carreiras e categorias dentro dos pr\u00f3ximos 60 dias\"\n\t\t\t\t\t\tdata-qtmplayer-artist=\"RNA\"\n\t\t\t\t\t\tdata-qtmplayer-link=\"https:\/\/rna.ao\/rna.ao\/2021\/11\/16\/mais-de-cem-mil-professores-do-ensino-geral-vao-ver-actualizadas-as-carreiras-e-categorias-dentro-dos-proximos-60-dias\/\"\n\t\t\t\t\t\tdata-qtmplayer-icon=\"file_download\"\n\t\t\t\t\t\tdata-qtmplayer-type=\"track\"\n\t\t\t class=\"qtmplayer-play qtmplayer-link-sec qtmplayer-play-btn\"><i class='material-icons'>play_arrow<\/i><\/span>\n\t\t<p>\n\t\t\t<span class=\"qtmplayer-tit\">Mais de cem mil professores do ensino geral v\u00e3o ver actualizadas as carreiras e categorias dentro dos pr\u00f3ximos 60 dias<\/span>\n\t\t\t<span class=\"qtmplayer-art\">RNA<\/span>\n\t\t<\/p>\n\t<\/li>\n\t\t<\/ul>\n\t<\/div>\t\t\t\n\t\n<p>Gildo Matias diz, que o Governo tem consci\u00eancia da necessidade de se melhorar a qualidade de ensino, no pa\u00eds, mas alerta que o momento n\u00e3o \u00e9 oportuno para se exigir muito mais, do ponto de vista financeiro. Clique no \u00e1udio e ou\u00e7a:<\/p>\n\t<div class=\"qtmplayer-playlist-large\">\n\t\t<ul class=\"qtmplayer-playlist\">\n\t\t\t\n\t\t\t\t\t<li class=\"qtmplayer-trackitem\">\n\t\t<img src=\"https:\/\/rna.ao\/rna.ao\/wp-content\/uploads\/2021\/11\/Professor-100x100.jpg\" alt=\"cover\">\t\t<span \t\t\tdata-qtmplayer-cover=\"https:\/\/rna.ao\/rna.ao\/wp-content\/uploads\/2021\/11\/Professor.jpg\"\n\t\t\t\t\t\tdata-qtmplayer-file=\"https:\/\/rna.ao\/rna.ao\/wp-content\/uploads\/2021\/11\/GILDO-MATIAS-2-7HRS.mp3\"\n\t\t\t\t\t\tdata-qtmplayer-title=\"Mais de cem mil professores do ensino geral v\u00e3o ver actualizadas as carreiras e categorias dentro dos pr\u00f3ximos 60 dias\"\n\t\t\t\t\t\tdata-qtmplayer-artist=\"RNA\"\n\t\t\t\t\t\tdata-qtmplayer-link=\"https:\/\/rna.ao\/rna.ao\/2021\/11\/16\/mais-de-cem-mil-professores-do-ensino-geral-vao-ver-actualizadas-as-carreiras-e-categorias-dentro-dos-proximos-60-dias\/\"\n\t\t\t\t\t\tdata-qtmplayer-icon=\"file_download\"\n\t\t\t\t\t\tdata-qtmplayer-type=\"track\"\n\t\t\t class=\"qtmplayer-play qtmplayer-link-sec qtmplayer-play-btn\"><i class='material-icons'>play_arrow<\/i><\/span>\n\t\t<p>\n\t\t\t<span class=\"qtmplayer-tit\">Mais de cem mil professores do ensino geral v\u00e3o ver actualizadas as carreiras e categorias dentro dos pr\u00f3ximos 60 dias<\/span>\n\t\t\t<span class=\"qtmplayer-art\">RNA<\/span>\n\t\t<\/p>\n\t<\/li>\n\t\t<\/ul>\n\t<\/div>\t\t\t\n\t\n<p>Fonte: RNA<\/p>\n","protected":false},"excerpt":{"rendered":"<p>Mais de cem mil professores do ensino geral v\u00e3o\u00a0 ver as suas categorias actualizadas, dentro dos pr\u00f3ximos sessenta dias. Este n\u00famero de professores fazem parte de um grupo de 180 mil professores, que o Sindicato exigia que transitassem na carreira e vissem actualizadas as suas categorias. O Secret\u00e1rio de Estado ...<\/p>\n","protected":false},"author":8,"featured_media":42869,"comment_status":"closed","ping_status":"closed","sticky":false,"template":"","format":"standard","meta":[],"categories":[142,121,163],"tags":[],"_links":{"self":[{"href":"https:\/\/rna.ao\/rna.ao\/wp-json\/wp\/v2\/posts\/42859"}],"collection":[{"href":"https:\/\/rna.ao\/rna.ao\/wp-json\/wp\/v2\/posts"}],"about":[{"href":"https:\/\/rna.ao\/rna.ao\/wp-json\/wp\/v2\/types\/post"}],"author":[{"embeddable":true,"href":"https:\/\/rna.ao\/rna.ao\/wp-json\/wp\/v2\/users\/8"}],"replies":[{"embeddable":true,"href":"https:\/\/rna.ao\/rna.ao\/wp-json\/wp\/v2\/comments?post=42859"}],"version-history":[{"count":1,"href":"https:\/\/rna.ao\/rna.ao\/wp-json\/wp\/v2\/posts\/42859\/revisions"}],"predecessor-version":[{"id":42870,"href":"https:\/\/rna.ao\/rna.ao\/wp-json\/wp\/v2\/posts\/42859\/revisions\/42870"}],"wp:featuredmedia":[{"embeddable":true,"href":"https:\/\/rna.ao\/rna.ao\/wp-json\/wp\/v2\/media\/42869"}],"wp:attachment":[{"href":"https:\/\/rna.ao\/rna.ao\/wp-json\/wp\/v2\/media?parent=42859"}],"wp:term":[{"taxonomy":"category","embeddable":true,"href":"https:\/\/rna.ao\/rna.ao\/wp-json\/wp\/v2\/categories?post=42859"},{"taxonomy":"post_tag","embeddable":true,"href":"https:\/\/rna.ao\/rna.ao\/wp-json\/wp\/v2\/tags?post=42859"}],"curies":[{"name":"wp","href":"https:\/\/api.w.org\/{rel}","templated":true}]}}