{"id":42858,"date":"2021-11-16T08:24:22","date_gmt":"2021-11-16T07:24:22","guid":{"rendered":"https:\/\/rna.ao\/rna.ao\/?p=42858"},"modified":"2021-11-16T08:24:22","modified_gmt":"2021-11-16T07:24:22","slug":"governo-garante-que-assegurou-mais-de-33-mil-milhoes-de-vacinas-da-covid-19-para-toda-a-populacao-elegivel","status":"publish","type":"post","link":"https:\/\/rna.ao\/rna.ao\/2021\/11\/16\/governo-garante-que-assegurou-mais-de-33-mil-milhoes-de-vacinas-da-covid-19-para-toda-a-populacao-elegivel\/","title":{"rendered":"Governo garante que assegurou mais de 33 mil milh\u00f5es de vacinas da Covid-19 para toda a popula\u00e7\u00e3o eleg\u00edvel"},"content":{"rendered":"<p><img loading=\"lazy\" class=\"size-full wp-image-27219 alignleft\" src=\"https:\/\/rna.ao\/rna.ao\/wp-content\/uploads\/2021\/06\/Helga-Freitas.jpg\" alt=\"\" width=\"282\" height=\"178\" \/>O pa\u00eds mobilizou e assegurou, a partir desta ter\u00e7a-feira, 16 de Novembro, mais de 33,8 mil milh\u00f5es de novas doses de vacinas contra a Covid-19, para toda a popula\u00e7\u00e3o eleg\u00edvel. A informa\u00e7\u00e3o foi avan\u00e7ada pela Directora Nacional de Sa\u00fade p\u00fablica, Helga Freitas, que disse, igualmente, que, nesta altura, o pa\u00eds est\u00e1 com uma cobertura de vacina\u00e7\u00e3o, da popula\u00e7\u00e3o eleg\u00edvel, de 36 por cento com a primeira dose, e 14 por cento com a segunda dose. Helga Freitas assegurou tamb\u00e9m, que com as novas aquisi\u00e7\u00f5es de vacinas, espera aumentar o grupo de popula\u00e7\u00e3o eleg\u00edvel, e refor\u00e7ar a dose dos idosos, bem como dos profissionais de sa\u00fade. Clique no \u00e1udio e ou\u00e7a:<\/p>\n\t<div class=\"qtmplayer-playlist-large\">\n\t\t<ul class=\"qtmplayer-playlist\">\n\t\t\t\n\t\t\t\t\t<li class=\"qtmplayer-trackitem\">\n\t\t<img src=\"https:\/\/rna.ao\/rna.ao\/wp-content\/uploads\/2021\/06\/Helga-Freitas-100x100.jpg\" alt=\"cover\">\t\t<span \t\t\tdata-qtmplayer-cover=\"https:\/\/rna.ao\/rna.ao\/wp-content\/uploads\/2021\/06\/Helga-Freitas.jpg\"\n\t\t\t\t\t\tdata-qtmplayer-file=\"https:\/\/rna.ao\/rna.ao\/wp-content\/uploads\/2021\/11\/HELGA-FREITAS-1-7HRS.mp3\"\n\t\t\t\t\t\tdata-qtmplayer-title=\"Governo garante que assegurou mais de 33 mil milh\u00f5es de vacinas da Covid-19 para toda a popula\u00e7\u00e3o eleg\u00edvel\"\n\t\t\t\t\t\tdata-qtmplayer-artist=\"RNA\"\n\t\t\t\t\t\tdata-qtmplayer-link=\"https:\/\/rna.ao\/rna.ao\/2021\/11\/16\/governo-garante-que-assegurou-mais-de-33-mil-milhoes-de-vacinas-da-covid-19-para-toda-a-populacao-elegivel\/\"\n\t\t\t\t\t\tdata-qtmplayer-icon=\"file_download\"\n\t\t\t\t\t\tdata-qtmplayer-type=\"track\"\n\t\t\t class=\"qtmplayer-play qtmplayer-link-sec qtmplayer-play-btn\"><i class='material-icons'>play_arrow<\/i><\/span>\n\t\t<p>\n\t\t\t<span class=\"qtmplayer-tit\">Governo garante que assegurou mais de 33 mil milh\u00f5es de vacinas da Covid-19 para toda a popula\u00e7\u00e3o eleg\u00edvel<\/span>\n\t\t\t<span class=\"qtmplayer-art\">RNA<\/span>\n\t\t<\/p>\n\t<\/li>\n\t\t<\/ul>\n\t<\/div>\t\t\t\n\t\n<p>Helga Freitas diz que o pa\u00eds tem gastado avultadas somas financeiras, com a actual pol\u00edtica de combate a pandemia da Covid-19. face \u00e0 esta realidade, Helga Freitas diz que o Executivo vai adoptar, nos pr\u00f3ximos dias, uma nova estrat\u00e9gia de combate \u00e0 Covid-19, assente na redu\u00e7\u00e3o de custos. Clique no \u00e1udio\u00a0 e ou\u00e7a:<\/p>\n\t<div class=\"qtmplayer-playlist-large\">\n\t\t<ul class=\"qtmplayer-playlist\">\n\t\t\t\n\t\t\t\t\t<li class=\"qtmplayer-trackitem\">\n\t\t<img src=\"https:\/\/rna.ao\/rna.ao\/wp-content\/uploads\/2021\/06\/Helga-Freitas-100x100.jpg\" alt=\"cover\">\t\t<span \t\t\tdata-qtmplayer-cover=\"https:\/\/rna.ao\/rna.ao\/wp-content\/uploads\/2021\/06\/Helga-Freitas.jpg\"\n\t\t\t\t\t\tdata-qtmplayer-file=\"https:\/\/rna.ao\/rna.ao\/wp-content\/uploads\/2021\/11\/HELGA-FREITAS-2-7HRS.mp3\"\n\t\t\t\t\t\tdata-qtmplayer-title=\"Governo garante que assegurou mais de 33 mil milh\u00f5es de vacinas da Covid-19 para toda a popula\u00e7\u00e3o eleg\u00edvel\"\n\t\t\t\t\t\tdata-qtmplayer-artist=\"RNA\"\n\t\t\t\t\t\tdata-qtmplayer-link=\"https:\/\/rna.ao\/rna.ao\/2021\/11\/16\/governo-garante-que-assegurou-mais-de-33-mil-milhoes-de-vacinas-da-covid-19-para-toda-a-populacao-elegivel\/\"\n\t\t\t\t\t\tdata-qtmplayer-icon=\"file_download\"\n\t\t\t\t\t\tdata-qtmplayer-type=\"track\"\n\t\t\t class=\"qtmplayer-play qtmplayer-link-sec qtmplayer-play-btn\"><i class='material-icons'>play_arrow<\/i><\/span>\n\t\t<p>\n\t\t\t<span class=\"qtmplayer-tit\">Governo garante que assegurou mais de 33 mil milh\u00f5es de vacinas da Covid-19 para toda a popula\u00e7\u00e3o eleg\u00edvel<\/span>\n\t\t\t<span class=\"qtmplayer-art\">RNA<\/span>\n\t\t<\/p>\n\t<\/li>\n\t\t<\/ul>\n\t<\/div>\t\t\t\n\t\n<p>Fonte: RNA<\/p>\n","protected":false},"excerpt":{"rendered":"<p>O pa\u00eds mobilizou e assegurou, a partir desta ter\u00e7a-feira, 16 de Novembro, mais de 33,8 mil milh\u00f5es de novas doses de vacinas contra a Covid-19, para toda a popula\u00e7\u00e3o eleg\u00edvel. A informa\u00e7\u00e3o foi avan\u00e7ada pela Directora Nacional de Sa\u00fade p\u00fablica, Helga Freitas, que disse, igualmente, que, nesta altura, o pa\u00eds ...<\/p>\n","protected":false},"author":8,"featured_media":27219,"comment_status":"closed","ping_status":"closed","sticky":false,"template":"","format":"standard","meta":[],"categories":[142,121,164,163],"tags":[],"_links":{"self":[{"href":"https:\/\/rna.ao\/rna.ao\/wp-json\/wp\/v2\/posts\/42858"}],"collection":[{"href":"https:\/\/rna.ao\/rna.ao\/wp-json\/wp\/v2\/posts"}],"about":[{"href":"https:\/\/rna.ao\/rna.ao\/wp-json\/wp\/v2\/types\/post"}],"author":[{"embeddable":true,"href":"https:\/\/rna.ao\/rna.ao\/wp-json\/wp\/v2\/users\/8"}],"replies":[{"embeddable":true,"href":"https:\/\/rna.ao\/rna.ao\/wp-json\/wp\/v2\/comments?post=42858"}],"version-history":[{"count":1,"href":"https:\/\/rna.ao\/rna.ao\/wp-json\/wp\/v2\/posts\/42858\/revisions"}],"predecessor-version":[{"id":42874,"href":"https:\/\/rna.ao\/rna.ao\/wp-json\/wp\/v2\/posts\/42858\/revisions\/42874"}],"wp:featuredmedia":[{"embeddable":true,"href":"https:\/\/rna.ao\/rna.ao\/wp-json\/wp\/v2\/media\/27219"}],"wp:attachment":[{"href":"https:\/\/rna.ao\/rna.ao\/wp-json\/wp\/v2\/media?parent=42858"}],"wp:term":[{"taxonomy":"category","embeddable":true,"href":"https:\/\/rna.ao\/rna.ao\/wp-json\/wp\/v2\/categories?post=42858"},{"taxonomy":"post_tag","embeddable":true,"href":"https:\/\/rna.ao\/rna.ao\/wp-json\/wp\/v2\/tags?post=42858"}],"curies":[{"name":"wp","href":"https:\/\/api.w.org\/{rel}","templated":true}]}}