{"id":42839,"date":"2021-11-16T06:44:44","date_gmt":"2021-11-16T05:44:44","guid":{"rendered":"https:\/\/rna.ao\/rna.ao\/?p=42839"},"modified":"2021-11-16T06:56:40","modified_gmt":"2021-11-16T05:56:40","slug":"selecao-nacional-de-basquetebol-comeca-hoje-em-benguela-a-preparar-janela-qualificativa-ao-mundial-de-2023-no-qatar","status":"publish","type":"post","link":"https:\/\/rna.ao\/rna.ao\/2021\/11\/16\/selecao-nacional-de-basquetebol-comeca-hoje-em-benguela-a-preparar-janela-qualificativa-ao-mundial-de-2023-no-qatar\/","title":{"rendered":"Sele\u00e7\u00e3o nacional de Basquetebol come\u00e7a hoje em Benguela a preparar janela qualificativa ao Mundial de 2023 no Qatar"},"content":{"rendered":"<p><img loading=\"lazy\" class=\" wp-image-42843 alignleft\" src=\"https:\/\/rna.ao\/rna.ao\/wp-content\/uploads\/2021\/11\/Anibal-Moreira.jpg\" alt=\"\" width=\"444\" height=\"315\" \/>A pr\u00e9-sele\u00e7ao nacional masculina apenas hoje, ter\u00e7a-feira, 16 de Novembro, come\u00e7a a trabalhar, na cidade de Benguela, onde vai competir na janela de qualifica\u00e7\u00e3o pela zona africana ao mundial de 2023 na grande \u00c1sia. Na segunda-feira (15), o grupo que n\u00e3o vai contar, por les\u00e3o, com os influentes Carlos Morais, Gildo Santos, Edson Ndoniema e Leonel Paulo, n\u00e3o trabalhou por raz\u00f5es t\u00e9cnicas e log\u00edsticas. Hoje chega Pepe Clar\u00f3s, o t\u00e9cnico espanhol que voltou a merecer a confian\u00e7a da FAB. Um dos seus adjuntos, An\u00edbal Moreira, promete trabalho \u00e1rduo, no sentido de garantir bons resultados nesta janela qualificativa. Clique no \u00e1udio abaixo e ou\u00e7a:<\/p>\n\t<div class=\"qtmplayer-playlist-large\">\n\t\t<ul class=\"qtmplayer-playlist\">\n\t\t\t\n\t\t\t\t\t<li class=\"qtmplayer-trackitem\">\n\t\t<img src=\"https:\/\/rna.ao\/rna.ao\/wp-content\/uploads\/2021\/11\/Anibal-Moreira-100x100.jpg\" alt=\"cover\">\t\t<span \t\t\tdata-qtmplayer-cover=\"https:\/\/rna.ao\/rna.ao\/wp-content\/uploads\/2021\/11\/Anibal-Moreira.jpg\"\n\t\t\t\t\t\tdata-qtmplayer-file=\"https:\/\/rna.ao\/rna.ao\/wp-content\/uploads\/2021\/11\/P-A-5-ANIBAL-MOREIRA-16-11-21.mp3\"\n\t\t\t\t\t\tdata-qtmplayer-title=\"Sele\u00e7\u00e3o nacional de Basquetebol come\u00e7a hoje em Benguela a preparar janela qualificativa ao Mundial de 2023 no Qatar\"\n\t\t\t\t\t\tdata-qtmplayer-artist=\"RNA\"\n\t\t\t\t\t\tdata-qtmplayer-link=\"https:\/\/rna.ao\/rna.ao\/2021\/11\/16\/selecao-nacional-de-basquetebol-comeca-hoje-em-benguela-a-preparar-janela-qualificativa-ao-mundial-de-2023-no-qatar\/\"\n\t\t\t\t\t\tdata-qtmplayer-icon=\"file_download\"\n\t\t\t\t\t\tdata-qtmplayer-type=\"track\"\n\t\t\t class=\"qtmplayer-play qtmplayer-link-sec qtmplayer-play-btn\"><i class='material-icons'>play_arrow<\/i><\/span>\n\t\t<p>\n\t\t\t<span class=\"qtmplayer-tit\">Sele\u00e7\u00e3o nacional de Basquetebol come\u00e7a hoje em Benguela a preparar janela qualificativa ao Mundial de 2023 no Qatar<\/span>\n\t\t\t<span class=\"qtmplayer-art\">RNA<\/span>\n\t\t<\/p>\n\t<\/li>\n\t\t<\/ul>\n\t<\/div>\t\t\t\n\t\n<p>No grupo C, Angola vai defrontar a Guin\u00e9-Conacry, a C\u00f4te D\u2019Ivoire e a Republica Centro Africana.<br \/>\nBenguela vai tamb\u00e9m sedear o grupo A, onde evoluir\u00e3o as sele\u00e7\u00f5es de Cabo Verde, do Mali, do Uganda e da Nigeria.<\/p>\n<p>Fonte: R\u00e1dio 5\/RNA<\/p>\n","protected":false},"excerpt":{"rendered":"<p>A pr\u00e9-sele\u00e7ao nacional masculina apenas hoje, ter\u00e7a-feira, 16 de Novembro, come\u00e7a a trabalhar, na cidade de Benguela, onde vai competir na janela de qualifica\u00e7\u00e3o pela zona africana ao mundial de 2023 na grande \u00c1sia. Na segunda-feira (15), o grupo que n\u00e3o vai contar, por les\u00e3o, com os influentes Carlos Morais, ...<\/p>\n","protected":false},"author":8,"featured_media":42843,"comment_status":"closed","ping_status":"closed","sticky":false,"template":"","format":"standard","meta":[],"categories":[145,125,164],"tags":[],"_links":{"self":[{"href":"https:\/\/rna.ao\/rna.ao\/wp-json\/wp\/v2\/posts\/42839"}],"collection":[{"href":"https:\/\/rna.ao\/rna.ao\/wp-json\/wp\/v2\/posts"}],"about":[{"href":"https:\/\/rna.ao\/rna.ao\/wp-json\/wp\/v2\/types\/post"}],"author":[{"embeddable":true,"href":"https:\/\/rna.ao\/rna.ao\/wp-json\/wp\/v2\/users\/8"}],"replies":[{"embeddable":true,"href":"https:\/\/rna.ao\/rna.ao\/wp-json\/wp\/v2\/comments?post=42839"}],"version-history":[{"count":2,"href":"https:\/\/rna.ao\/rna.ao\/wp-json\/wp\/v2\/posts\/42839\/revisions"}],"predecessor-version":[{"id":42849,"href":"https:\/\/rna.ao\/rna.ao\/wp-json\/wp\/v2\/posts\/42839\/revisions\/42849"}],"wp:featuredmedia":[{"embeddable":true,"href":"https:\/\/rna.ao\/rna.ao\/wp-json\/wp\/v2\/media\/42843"}],"wp:attachment":[{"href":"https:\/\/rna.ao\/rna.ao\/wp-json\/wp\/v2\/media?parent=42839"}],"wp:term":[{"taxonomy":"category","embeddable":true,"href":"https:\/\/rna.ao\/rna.ao\/wp-json\/wp\/v2\/categories?post=42839"},{"taxonomy":"post_tag","embeddable":true,"href":"https:\/\/rna.ao\/rna.ao\/wp-json\/wp\/v2\/tags?post=42839"}],"curies":[{"name":"wp","href":"https:\/\/api.w.org\/{rel}","templated":true}]}}