{"id":42795,"date":"2021-11-15T13:31:10","date_gmt":"2021-11-15T12:31:10","guid":{"rendered":"https:\/\/rna.ao\/rna.ao\/?p=42795"},"modified":"2021-11-15T13:31:10","modified_gmt":"2021-11-15T12:31:10","slug":"vem-ai-a-agencia-maritima-nacional","status":"publish","type":"post","link":"https:\/\/rna.ao\/rna.ao\/2021\/11\/15\/vem-ai-a-agencia-maritima-nacional\/","title":{"rendered":"Vem a\u00ed a Ag\u00eancia Mar\u00edtima Nacional"},"content":{"rendered":"<p><img loading=\"lazy\" class=\"size-full wp-image-42800 alignleft\" src=\"https:\/\/rna.ao\/rna.ao\/wp-content\/uploads\/2021\/11\/APLOP.jpg\" alt=\"\" width=\"295\" height=\"228\" \/>A Associa\u00e7\u00e3o dos Portos de L\u00edngua Portuguesa, APLOP, come\u00e7aram a esbo\u00e7ar esta segunda-feira, 15 de Novembro, na capital angolana, Luanda, os caminhos para impulsionar os fluxos de importa\u00e7\u00e3o e exporta\u00e7\u00e3o, e contribuir para o incremento das trocas comerciais, entre os pa\u00edses da CPLP, no \u00e2mbito do seu d\u00e9cimo segundo congresso. Durante dois dias, os portu\u00e1rios da comunidade v\u00e3o abordar temas como a internacionaliza\u00e7\u00e3o dos Portos, o direito dos Portos da CPLP e a parceria estrat\u00e9gica para o sector de Cruzeiros. saiba mais dados, no \u00e1udio abaixo, com o jornalista Jo\u00e3o Joaquim:<\/p>\n\t<div class=\"qtmplayer-playlist-large\">\n\t\t<ul class=\"qtmplayer-playlist\">\n\t\t\t\n\t\t\t\t\t<li class=\"qtmplayer-trackitem\">\n\t\t<img src=\"https:\/\/rna.ao\/rna.ao\/wp-content\/uploads\/2021\/11\/APLOP-100x100.jpg\" alt=\"cover\">\t\t<span \t\t\tdata-qtmplayer-cover=\"https:\/\/rna.ao\/rna.ao\/wp-content\/uploads\/2021\/11\/APLOP.jpg\"\n\t\t\t\t\t\tdata-qtmplayer-file=\"https:\/\/rna.ao\/rna.ao\/wp-content\/uploads\/2021\/11\/JOAO-JOAQUIM-13HRS.mp3\"\n\t\t\t\t\t\tdata-qtmplayer-title=\"Vem a\u00ed a Ag\u00eancia Mar\u00edtima Nacional\"\n\t\t\t\t\t\tdata-qtmplayer-artist=\"RNA\"\n\t\t\t\t\t\tdata-qtmplayer-link=\"https:\/\/rna.ao\/rna.ao\/2021\/11\/15\/vem-ai-a-agencia-maritima-nacional\/\"\n\t\t\t\t\t\tdata-qtmplayer-icon=\"file_download\"\n\t\t\t\t\t\tdata-qtmplayer-type=\"track\"\n\t\t\t class=\"qtmplayer-play qtmplayer-link-sec qtmplayer-play-btn\"><i class='material-icons'>play_arrow<\/i><\/span>\n\t\t<p>\n\t\t\t<span class=\"qtmplayer-tit\">Vem a\u00ed a Ag\u00eancia Mar\u00edtima Nacional<\/span>\n\t\t\t<span class=\"qtmplayer-art\">RNA<\/span>\n\t\t<\/p>\n\t<\/li>\n\t\t<\/ul>\n\t<\/div>\t\t\t\n\t\n<p>Fonte: RNA<\/p>\n","protected":false},"excerpt":{"rendered":"<p>A Associa\u00e7\u00e3o dos Portos de L\u00edngua Portuguesa, APLOP, come\u00e7aram a esbo\u00e7ar esta segunda-feira, 15 de Novembro, na capital angolana, Luanda, os caminhos para impulsionar os fluxos de importa\u00e7\u00e3o e exporta\u00e7\u00e3o, e contribuir para o incremento das trocas comerciais, entre os pa\u00edses da CPLP, no \u00e2mbito do seu d\u00e9cimo segundo congresso. ...<\/p>\n","protected":false},"author":8,"featured_media":42800,"comment_status":"closed","ping_status":"closed","sticky":false,"template":"","format":"standard","meta":[],"categories":[121,163],"tags":[],"_links":{"self":[{"href":"https:\/\/rna.ao\/rna.ao\/wp-json\/wp\/v2\/posts\/42795"}],"collection":[{"href":"https:\/\/rna.ao\/rna.ao\/wp-json\/wp\/v2\/posts"}],"about":[{"href":"https:\/\/rna.ao\/rna.ao\/wp-json\/wp\/v2\/types\/post"}],"author":[{"embeddable":true,"href":"https:\/\/rna.ao\/rna.ao\/wp-json\/wp\/v2\/users\/8"}],"replies":[{"embeddable":true,"href":"https:\/\/rna.ao\/rna.ao\/wp-json\/wp\/v2\/comments?post=42795"}],"version-history":[{"count":1,"href":"https:\/\/rna.ao\/rna.ao\/wp-json\/wp\/v2\/posts\/42795\/revisions"}],"predecessor-version":[{"id":42801,"href":"https:\/\/rna.ao\/rna.ao\/wp-json\/wp\/v2\/posts\/42795\/revisions\/42801"}],"wp:featuredmedia":[{"embeddable":true,"href":"https:\/\/rna.ao\/rna.ao\/wp-json\/wp\/v2\/media\/42800"}],"wp:attachment":[{"href":"https:\/\/rna.ao\/rna.ao\/wp-json\/wp\/v2\/media?parent=42795"}],"wp:term":[{"taxonomy":"category","embeddable":true,"href":"https:\/\/rna.ao\/rna.ao\/wp-json\/wp\/v2\/categories?post=42795"},{"taxonomy":"post_tag","embeddable":true,"href":"https:\/\/rna.ao\/rna.ao\/wp-json\/wp\/v2\/tags?post=42795"}],"curies":[{"name":"wp","href":"https:\/\/api.w.org\/{rel}","templated":true}]}}