{"id":42794,"date":"2021-11-15T13:31:39","date_gmt":"2021-11-15T12:31:39","guid":{"rendered":"https:\/\/rna.ao\/rna.ao\/?p=42794"},"modified":"2021-11-15T13:31:39","modified_gmt":"2021-11-15T12:31:39","slug":"parlamento-aprovou-na-especialidade-projecto-de-lei-que-regula-funcionamento-dos-tribunais-de-relacao","status":"publish","type":"post","link":"https:\/\/rna.ao\/rna.ao\/2021\/11\/15\/parlamento-aprovou-na-especialidade-projecto-de-lei-que-regula-funcionamento-dos-tribunais-de-relacao\/","title":{"rendered":"Parlamento aprovou na especialidade projecto de Lei que regula funcionamento dos Tribunais de Rela\u00e7\u00e3o"},"content":{"rendered":"<p><img loading=\"lazy\" class=\"size-full wp-image-42716 alignleft\" src=\"https:\/\/rna.ao\/rna.ao\/wp-content\/uploads\/2021\/11\/Assembleia-Nacional.jpg\" alt=\"\" width=\"300\" height=\"200\" \/>Os deputados \u00e0 Assembleia nacional acreditam que a entrada em funcionamento dos Tribunais de Rela\u00e7\u00e3o, e a aprova\u00e7\u00e3o da sua Lei, no Parlamento, vai permitir descongestionar o Tribunal Supremo de processos. As Comiss\u00f5es Especializadas, que apreciaram na manh\u00e3 desta segunda-feira, 15 de Novembro, o documento, acreditam que a Administra\u00e7\u00e3o da Justi\u00e7a no pa\u00eds vai ser mais c\u00e9lere. Ou\u00e7a, no \u00e1udio abaixo, o jornalista Ant\u00f3nio Chocolate com mais dados:<\/p>\n\t<div class=\"qtmplayer-playlist-large\">\n\t\t<ul class=\"qtmplayer-playlist\">\n\t\t\t\n\t\t\t\t\t<li class=\"qtmplayer-trackitem\">\n\t\t<img src=\"https:\/\/rna.ao\/rna.ao\/wp-content\/uploads\/2021\/11\/Assembleia-Nacional-100x100.jpg\" alt=\"cover\">\t\t<span \t\t\tdata-qtmplayer-cover=\"https:\/\/rna.ao\/rna.ao\/wp-content\/uploads\/2021\/11\/Assembleia-Nacional.jpg\"\n\t\t\t\t\t\tdata-qtmplayer-file=\"https:\/\/rna.ao\/rna.ao\/wp-content\/uploads\/2021\/11\/ANTONIO-CHOCOLATE-A-N-13HRS.mp3\"\n\t\t\t\t\t\tdata-qtmplayer-title=\"Parlamento aprovou na especialidade projecto de Lei que regula funcionamento dos Tribunais de Rela\u00e7\u00e3o\"\n\t\t\t\t\t\tdata-qtmplayer-artist=\"RNA\"\n\t\t\t\t\t\tdata-qtmplayer-link=\"https:\/\/rna.ao\/rna.ao\/2021\/11\/15\/parlamento-aprovou-na-especialidade-projecto-de-lei-que-regula-funcionamento-dos-tribunais-de-relacao\/\"\n\t\t\t\t\t\tdata-qtmplayer-icon=\"file_download\"\n\t\t\t\t\t\tdata-qtmplayer-type=\"track\"\n\t\t\t class=\"qtmplayer-play qtmplayer-link-sec qtmplayer-play-btn\"><i class='material-icons'>play_arrow<\/i><\/span>\n\t\t<p>\n\t\t\t<span class=\"qtmplayer-tit\">Parlamento aprovou na especialidade projecto de Lei que regula funcionamento dos Tribunais de Rela\u00e7\u00e3o<\/span>\n\t\t\t<span class=\"qtmplayer-art\">RNA<\/span>\n\t\t<\/p>\n\t<\/li>\n\t\t<\/ul>\n\t<\/div>\t\t\t\n\t\n<p>Fonte: RNA<\/p>\n","protected":false},"excerpt":{"rendered":"<p>Os deputados \u00e0 Assembleia nacional acreditam que a entrada em funcionamento dos Tribunais de Rela\u00e7\u00e3o, e a aprova\u00e7\u00e3o da sua Lei, no Parlamento, vai permitir descongestionar o Tribunal Supremo de processos. As Comiss\u00f5es Especializadas, que apreciaram na manh\u00e3 desta segunda-feira, 15 de Novembro, o documento, acreditam que a Administra\u00e7\u00e3o da ...<\/p>\n","protected":false},"author":8,"featured_media":42716,"comment_status":"closed","ping_status":"closed","sticky":false,"template":"","format":"standard","meta":[],"categories":[121,163],"tags":[],"_links":{"self":[{"href":"https:\/\/rna.ao\/rna.ao\/wp-json\/wp\/v2\/posts\/42794"}],"collection":[{"href":"https:\/\/rna.ao\/rna.ao\/wp-json\/wp\/v2\/posts"}],"about":[{"href":"https:\/\/rna.ao\/rna.ao\/wp-json\/wp\/v2\/types\/post"}],"author":[{"embeddable":true,"href":"https:\/\/rna.ao\/rna.ao\/wp-json\/wp\/v2\/users\/8"}],"replies":[{"embeddable":true,"href":"https:\/\/rna.ao\/rna.ao\/wp-json\/wp\/v2\/comments?post=42794"}],"version-history":[{"count":1,"href":"https:\/\/rna.ao\/rna.ao\/wp-json\/wp\/v2\/posts\/42794\/revisions"}],"predecessor-version":[{"id":42802,"href":"https:\/\/rna.ao\/rna.ao\/wp-json\/wp\/v2\/posts\/42794\/revisions\/42802"}],"wp:featuredmedia":[{"embeddable":true,"href":"https:\/\/rna.ao\/rna.ao\/wp-json\/wp\/v2\/media\/42716"}],"wp:attachment":[{"href":"https:\/\/rna.ao\/rna.ao\/wp-json\/wp\/v2\/media?parent=42794"}],"wp:term":[{"taxonomy":"category","embeddable":true,"href":"https:\/\/rna.ao\/rna.ao\/wp-json\/wp\/v2\/categories?post=42794"},{"taxonomy":"post_tag","embeddable":true,"href":"https:\/\/rna.ao\/rna.ao\/wp-json\/wp\/v2\/tags?post=42794"}],"curies":[{"name":"wp","href":"https:\/\/api.w.org\/{rel}","templated":true}]}}