{"id":42792,"date":"2021-11-15T14:16:56","date_gmt":"2021-11-15T13:16:56","guid":{"rendered":"https:\/\/rna.ao\/rna.ao\/?p=42792"},"modified":"2021-11-15T14:29:57","modified_gmt":"2021-11-15T13:29:57","slug":"entregues-as-familias-restos-mortais-de-salupeto-pena-e-mango-alicerces-antigos-dirigentes-da-unita-mortos-no-conflito-de-1992","status":"publish","type":"post","link":"https:\/\/rna.ao\/rna.ao\/2021\/11\/15\/entregues-as-familias-restos-mortais-de-salupeto-pena-e-mango-alicerces-antigos-dirigentes-da-unita-mortos-no-conflito-de-1992\/","title":{"rendered":"Entregues \u00e0s fam\u00edlias restos mortais de Salupeto Pena e Mango Alicerces, antigos dirigentes da UNITA mortos no conflito de 1992"},"content":{"rendered":"<p><img loading=\"lazy\" class=\"size-medium wp-image-42818 aligncenter\" src=\"https:\/\/rna.ao\/rna.ao\/wp-content\/uploads\/2021\/11\/Ossadas-770x513.jpg\" alt=\"\" width=\"770\" height=\"513\" srcset=\"https:\/\/rna.ao\/rna.ao\/wp-content\/uploads\/2021\/11\/Ossadas-770x513.jpg 770w, https:\/\/rna.ao\/rna.ao\/wp-content\/uploads\/2021\/11\/Ossadas-1170x780.jpg 1170w, https:\/\/rna.ao\/rna.ao\/wp-content\/uploads\/2021\/11\/Ossadas-768x512.jpg 768w, https:\/\/rna.ao\/rna.ao\/wp-content\/uploads\/2021\/11\/Ossadas.jpg 1280w\" sizes=\"(max-width: 770px) 100vw, 770px\" \/>A Comiss\u00e3o de Implementa\u00e7\u00e3o do Plano de Reconcilia\u00e7\u00e3o das V\u00edtimas de Conflito fez hoje, segunda-feira, 15 de Novembro, a entrega dos restos mortais de Salupeto Pena, representante da UNITA na Comiss\u00e3o Conjunta Pol\u00edtico-militar, para a implementa\u00e7\u00e3o dos Acordos de Bicesse, e Andolosi Mango Alicerces, ent\u00e3o Secret\u00e1rio-Geral da UNITA, mortos nos confrontos p\u00f3s-eleitoral em Luanda. O acto decorreu nas instala\u00e7\u00f5es do Laborat\u00f3rio de Criminal\u00edstica dos Servi\u00e7os de Investiga\u00e7\u00e3o Criminal, foi presenciado por membros do Governo, da UNITA e familiares. Clique, no \u00e1udio abaixo, e ou\u00e7a o jornalista Nelson Pedro com mais desenvolvimento:<\/p>\n\t<div class=\"qtmplayer-playlist-large\">\n\t\t<ul class=\"qtmplayer-playlist\">\n\t\t\t\n\t\t\t\t\t<li class=\"qtmplayer-trackitem\">\n\t\t<img src=\"https:\/\/rna.ao\/rna.ao\/wp-content\/uploads\/2021\/11\/Samakuva-100x100.jpg\" alt=\"cover\">\t\t<span \t\t\tdata-qtmplayer-cover=\"https:\/\/rna.ao\/rna.ao\/wp-content\/uploads\/2021\/11\/Samakuva.jpg\"\n\t\t\t\t\t\tdata-qtmplayer-file=\"https:\/\/rna.ao\/rna.ao\/wp-content\/uploads\/2021\/11\/NELSON-PEDRO-OSSEADAS-13HRS.mp3\"\n\t\t\t\t\t\tdata-qtmplayer-title=\"Entregues \u00e0s fam\u00edlias restos mortais de Salupeto Pena e Mango Alicerces, antigos dirigentes da UNITA mortos no conflito de 1992\"\n\t\t\t\t\t\tdata-qtmplayer-artist=\"RNA\"\n\t\t\t\t\t\tdata-qtmplayer-link=\"https:\/\/rna.ao\/rna.ao\/2021\/11\/15\/entregues-as-familias-restos-mortais-de-salupeto-pena-e-mango-alicerces-antigos-dirigentes-da-unita-mortos-no-conflito-de-1992\/\"\n\t\t\t\t\t\tdata-qtmplayer-icon=\"file_download\"\n\t\t\t\t\t\tdata-qtmplayer-type=\"track\"\n\t\t\t class=\"qtmplayer-play qtmplayer-link-sec qtmplayer-play-btn\"><i class='material-icons'>play_arrow<\/i><\/span>\n\t\t<p>\n\t\t\t<span class=\"qtmplayer-tit\">Entregues \u00e0s fam\u00edlias restos mortais de Salupeto Pena e Mango Alicerces, antigos dirigentes da UNITA mortos no conflito de 1992<\/span>\n\t\t\t<span class=\"qtmplayer-art\">RNA<\/span>\n\t\t<\/p>\n\t<\/li>\n\t\t<\/ul>\n\t<\/div>\t\t\t\n\t\n<p>Fonte: RNA<\/p>\n","protected":false},"excerpt":{"rendered":"<p>A Comiss\u00e3o de Implementa\u00e7\u00e3o do Plano de Reconcilia\u00e7\u00e3o das V\u00edtimas de Conflito fez hoje, segunda-feira, 15 de Novembro, a entrega dos restos mortais de Salupeto Pena, representante da UNITA na Comiss\u00e3o Conjunta Pol\u00edtico-militar, para a implementa\u00e7\u00e3o dos Acordos de Bicesse, e Andolosi Mango Alicerces, ent\u00e3o Secret\u00e1rio-Geral da UNITA, mortos nos ...<\/p>\n","protected":false},"author":8,"featured_media":42819,"comment_status":"closed","ping_status":"closed","sticky":false,"template":"","format":"standard","meta":[],"categories":[121,163],"tags":[],"_links":{"self":[{"href":"https:\/\/rna.ao\/rna.ao\/wp-json\/wp\/v2\/posts\/42792"}],"collection":[{"href":"https:\/\/rna.ao\/rna.ao\/wp-json\/wp\/v2\/posts"}],"about":[{"href":"https:\/\/rna.ao\/rna.ao\/wp-json\/wp\/v2\/types\/post"}],"author":[{"embeddable":true,"href":"https:\/\/rna.ao\/rna.ao\/wp-json\/wp\/v2\/users\/8"}],"replies":[{"embeddable":true,"href":"https:\/\/rna.ao\/rna.ao\/wp-json\/wp\/v2\/comments?post=42792"}],"version-history":[{"count":3,"href":"https:\/\/rna.ao\/rna.ao\/wp-json\/wp\/v2\/posts\/42792\/revisions"}],"predecessor-version":[{"id":42823,"href":"https:\/\/rna.ao\/rna.ao\/wp-json\/wp\/v2\/posts\/42792\/revisions\/42823"}],"wp:featuredmedia":[{"embeddable":true,"href":"https:\/\/rna.ao\/rna.ao\/wp-json\/wp\/v2\/media\/42819"}],"wp:attachment":[{"href":"https:\/\/rna.ao\/rna.ao\/wp-json\/wp\/v2\/media?parent=42792"}],"wp:term":[{"taxonomy":"category","embeddable":true,"href":"https:\/\/rna.ao\/rna.ao\/wp-json\/wp\/v2\/categories?post=42792"},{"taxonomy":"post_tag","embeddable":true,"href":"https:\/\/rna.ao\/rna.ao\/wp-json\/wp\/v2\/tags?post=42792"}],"curies":[{"name":"wp","href":"https:\/\/api.w.org\/{rel}","templated":true}]}}