{"id":42026,"date":"2021-11-08T06:05:44","date_gmt":"2021-11-08T05:05:44","guid":{"rendered":"https:\/\/rna.ao\/rna.ao\/?p=42026"},"modified":"2021-11-08T07:16:46","modified_gmt":"2021-11-08T06:16:46","slug":"perolas-de-africa-de-malas-feitas-para-hungria-em-estagio-preparatorio-do-mundial-de-espanha","status":"publish","type":"post","link":"https:\/\/rna.ao\/rna.ao\/2021\/11\/08\/perolas-de-africa-de-malas-feitas-para-hungria-em-estagio-preparatorio-do-mundial-de-espanha\/","title":{"rendered":"P\u00e9rolas de \u00c1frica de malas feitas para Hungria em est\u00e1gio preparat\u00f3rio do Mundial de Espanha"},"content":{"rendered":"<p style=\"font-weight: 400;\"><img loading=\"lazy\" class=\"size-full wp-image-40082 alignleft\" src=\"https:\/\/rna.ao\/rna.ao\/wp-content\/uploads\/2021\/10\/Perolas.jpg\" alt=\"\" width=\"302\" height=\"173\" \/>A selec\u00e7\u00e3o s\u00e9nior feminina de Andebol parte nesta ter\u00e7a-feira, 09 de Novembro, rumo \u00e0 Hungria, pa\u00eds europeu onde vai continuar a preparar o Mundial do pr\u00f3ximo m\u00eas, no Reino de Espanha. De acordo com o seleccionador nacional, Filipe Cruz, tr\u00eas dias depois acontece j\u00e1 o primeiro jogo desse est\u00e1gio preparat\u00f3rio. Clique no \u00e1udio e ou\u00e7a:<\/p>\n\t<div class=\"qtmplayer-playlist-large\">\n\t\t<ul class=\"qtmplayer-playlist\">\n\t\t\t\n\t\t\t\t\t<li class=\"qtmplayer-trackitem\">\n\t\t<img src=\"https:\/\/rna.ao\/rna.ao\/wp-content\/uploads\/2021\/04\/Andebol-Perolas-de-Africa-100x100.jpg\" alt=\"cover\">\t\t<span \t\t\tdata-qtmplayer-cover=\"https:\/\/rna.ao\/rna.ao\/wp-content\/uploads\/2021\/04\/Andebol-Perolas-de-Africa.jpg\"\n\t\t\t\t\t\tdata-qtmplayer-file=\"https:\/\/rna.ao\/rna.ao\/wp-content\/uploads\/2021\/11\/4-FILIPE-CRUZ-08-11-2021.mp3\"\n\t\t\t\t\t\tdata-qtmplayer-title=\"P\u00e9rolas de \u00c1frica de malas feitas para Hungria em est\u00e1gio preparat\u00f3rio do Mundial de Espanha\"\n\t\t\t\t\t\tdata-qtmplayer-artist=\"RNA\"\n\t\t\t\t\t\tdata-qtmplayer-link=\"https:\/\/rna.ao\/rna.ao\/2021\/11\/08\/perolas-de-africa-de-malas-feitas-para-hungria-em-estagio-preparatorio-do-mundial-de-espanha\/\"\n\t\t\t\t\t\tdata-qtmplayer-icon=\"file_download\"\n\t\t\t\t\t\tdata-qtmplayer-type=\"track\"\n\t\t\t class=\"qtmplayer-play qtmplayer-link-sec qtmplayer-play-btn\"><i class='material-icons'>play_arrow<\/i><\/span>\n\t\t<p>\n\t\t\t<span class=\"qtmplayer-tit\">P\u00e9rolas de \u00c1frica de malas feitas para Hungria em est\u00e1gio preparat\u00f3rio do Mundial de Espanha<\/span>\n\t\t\t<span class=\"qtmplayer-art\">RNA<\/span>\n\t\t<\/p>\n\t<\/li>\n\t\t<\/ul>\n\t<\/div>\t\t\t\n\t\n<p style=\"font-weight: 400;\">No Mundial de Dezembro pr\u00f3ximo, no Reino de Espanha, Angola que se encontra no grupo A, vai cruzar com a Fran\u00e7a, a Eslov\u00e9nia e Montenegro.<\/p>\n<p>Fonte: R\u00e1dio 5\/RNA<\/p>\n","protected":false},"excerpt":{"rendered":"<p>A selec\u00e7\u00e3o s\u00e9nior feminina de Andebol parte nesta ter\u00e7a-feira, 09 de Novembro, rumo \u00e0 Hungria, pa\u00eds europeu onde vai continuar a preparar o Mundial do pr\u00f3ximo m\u00eas, no Reino de Espanha. De acordo com o seleccionador nacional, Filipe Cruz, tr\u00eas dias depois acontece j\u00e1 o primeiro jogo desse est\u00e1gio preparat\u00f3rio. ...<\/p>\n","protected":false},"author":8,"featured_media":20256,"comment_status":"closed","ping_status":"closed","sticky":false,"template":"","format":"standard","meta":[],"categories":[145,125,164],"tags":[],"_links":{"self":[{"href":"https:\/\/rna.ao\/rna.ao\/wp-json\/wp\/v2\/posts\/42026"}],"collection":[{"href":"https:\/\/rna.ao\/rna.ao\/wp-json\/wp\/v2\/posts"}],"about":[{"href":"https:\/\/rna.ao\/rna.ao\/wp-json\/wp\/v2\/types\/post"}],"author":[{"embeddable":true,"href":"https:\/\/rna.ao\/rna.ao\/wp-json\/wp\/v2\/users\/8"}],"replies":[{"embeddable":true,"href":"https:\/\/rna.ao\/rna.ao\/wp-json\/wp\/v2\/comments?post=42026"}],"version-history":[{"count":1,"href":"https:\/\/rna.ao\/rna.ao\/wp-json\/wp\/v2\/posts\/42026\/revisions"}],"predecessor-version":[{"id":42028,"href":"https:\/\/rna.ao\/rna.ao\/wp-json\/wp\/v2\/posts\/42026\/revisions\/42028"}],"wp:featuredmedia":[{"embeddable":true,"href":"https:\/\/rna.ao\/rna.ao\/wp-json\/wp\/v2\/media\/20256"}],"wp:attachment":[{"href":"https:\/\/rna.ao\/rna.ao\/wp-json\/wp\/v2\/media?parent=42026"}],"wp:term":[{"taxonomy":"category","embeddable":true,"href":"https:\/\/rna.ao\/rna.ao\/wp-json\/wp\/v2\/categories?post=42026"},{"taxonomy":"post_tag","embeddable":true,"href":"https:\/\/rna.ao\/rna.ao\/wp-json\/wp\/v2\/tags?post=42026"}],"curies":[{"name":"wp","href":"https:\/\/api.w.org\/{rel}","templated":true}]}}