{"id":42021,"date":"2021-11-08T06:06:50","date_gmt":"2021-11-08T05:06:50","guid":{"rendered":"https:\/\/rna.ao\/rna.ao\/?p=42021"},"modified":"2021-11-09T08:18:17","modified_gmt":"2021-11-09T07:18:17","slug":"palancas-negras-comecam-hoje-a-preparar-desafio-com-o-egipto-na-corrida-ao-mundial-do-qatar","status":"publish","type":"post","link":"https:\/\/rna.ao\/rna.ao\/2021\/11\/08\/palancas-negras-comecam-hoje-a-preparar-desafio-com-o-egipto-na-corrida-ao-mundial-do-qatar\/","title":{"rendered":"Palancas Negras come\u00e7am hoje a preparar desafio com o Egipto na corrida ao Mundial do Qatar"},"content":{"rendered":"<p style=\"font-weight: 400;\"><img loading=\"lazy\" class=\"size-medium wp-image-8018 aligncenter\" src=\"https:\/\/rna.ao\/rna.ao\/wp-content\/uploads\/2020\/10\/Pedro-Goncalves-4-770x385.jpg\" alt=\"\" width=\"770\" height=\"385\" srcset=\"https:\/\/rna.ao\/rna.ao\/wp-content\/uploads\/2020\/10\/Pedro-Goncalves-4-770x385.jpg 770w, https:\/\/rna.ao\/rna.ao\/wp-content\/uploads\/2020\/10\/Pedro-Goncalves-4-1170x585.jpg 1170w, https:\/\/rna.ao\/rna.ao\/wp-content\/uploads\/2020\/10\/Pedro-Goncalves-4-768x384.jpg 768w, https:\/\/rna.ao\/rna.ao\/wp-content\/uploads\/2020\/10\/Pedro-Goncalves-4.jpg 1440w\" sizes=\"(max-width: 770px) 100vw, 770px\" \/>Os Palancas Negras come\u00e7am esta segunda-feira, 08\/11, a preparar o desafio desta sexta-feira, dia 12\/11, no Est\u00e1dio Nacional \u201c11 de Novembro\u201d o desafio com o Egipto, referente \u00e0 5\u00aa jornada do grupo F de qualifica\u00e7\u00e3o ao Mundial do pr\u00f3ximo ano no Qatar. O seleccionador nacional, Pedro Gon\u00e7alves, tem a prepara\u00e7\u00e3o para esse desafio com os \u201cFara\u00f3s\u201d, bem definida. Clique no \u00e1udio e ou\u00e7a:<\/p>\n\t<div class=\"qtmplayer-playlist-large\">\n\t\t<ul class=\"qtmplayer-playlist\">\n\t\t\t\n\t\t\t\t\t<li class=\"qtmplayer-trackitem\">\n\t\t<img src=\"https:\/\/rna.ao\/rna.ao\/wp-content\/uploads\/2020\/10\/Pedro-Goncalves-4-100x100.jpg\" alt=\"cover\">\t\t<span \t\t\tdata-qtmplayer-cover=\"https:\/\/rna.ao\/rna.ao\/wp-content\/uploads\/2020\/10\/Pedro-Goncalves-4-370x370.jpg\"\n\t\t\t\t\t\tdata-qtmplayer-file=\"https:\/\/rna.ao\/rna.ao\/wp-content\/uploads\/2021\/11\/1-PEDRO-GONCALVES-07-11-21.mp3\"\n\t\t\t\t\t\tdata-qtmplayer-title=\"Palancas Negras come\u00e7am hoje a preparar desafio com o Egipto na corrida ao Mundial do Qatar\"\n\t\t\t\t\t\tdata-qtmplayer-artist=\"RNA\"\n\t\t\t\t\t\tdata-qtmplayer-link=\"https:\/\/rna.ao\/rna.ao\/2021\/11\/08\/palancas-negras-comecam-hoje-a-preparar-desafio-com-o-egipto-na-corrida-ao-mundial-do-qatar\/\"\n\t\t\t\t\t\tdata-qtmplayer-icon=\"file_download\"\n\t\t\t\t\t\tdata-qtmplayer-type=\"track\"\n\t\t\t class=\"qtmplayer-play qtmplayer-link-sec qtmplayer-play-btn\"><i class='material-icons'>play_arrow<\/i><\/span>\n\t\t<p>\n\t\t\t<span class=\"qtmplayer-tit\">Palancas Negras come\u00e7am hoje a preparar desafio com o Egipto na corrida ao Mundial do Qatar<\/span>\n\t\t\t<span class=\"qtmplayer-art\">RNA<\/span>\n\t\t<\/p>\n\t<\/li>\n\t\t<\/ul>\n\t<\/div>\t\t\t\n\t\n<p style=\"font-weight: 400;\">Os Palancas Negras s\u00e3o os \u00faltimos do grupo com apenas 3 pontos. Para o mesmo grupo jogam em Libreville, Gab\u00e3o e L\u00edbia. Os eg\u00edpcios lideram o grupo com 10 pontos, seguidos dos l\u00edbios com 6 e dos gaboneses com 4.<\/p>\n<p style=\"font-weight: 400;\">Enquanto isso, Gilberto, o canhoto, um conhecedor do futebol fara\u00f3nico chama aten\u00e7\u00e3o \u00e0 selec\u00e7\u00e3o nacional, para as cautelas a ter com a esquematiza\u00e7\u00e3o dos sistemas de jogo. Clique no \u00e1udio e ou\u00e7a:<\/p>\n\t<div class=\"qtmplayer-playlist-large\">\n\t\t<ul class=\"qtmplayer-playlist\">\n\t\t\t\n\t\t\t\t\t<li class=\"qtmplayer-trackitem\">\n\t\t<img src=\"https:\/\/rna.ao\/rna.ao\/wp-content\/uploads\/2020\/10\/Pedro-Goncalves-4-100x100.jpg\" alt=\"cover\">\t\t<span \t\t\tdata-qtmplayer-cover=\"https:\/\/rna.ao\/rna.ao\/wp-content\/uploads\/2020\/10\/Pedro-Goncalves-4-370x370.jpg\"\n\t\t\t\t\t\tdata-qtmplayer-file=\"https:\/\/rna.ao\/rna.ao\/wp-content\/uploads\/2021\/11\/2-GILBERTO-08-11-21.mp3\"\n\t\t\t\t\t\tdata-qtmplayer-title=\"Palancas Negras come\u00e7am hoje a preparar desafio com o Egipto na corrida ao Mundial do Qatar\"\n\t\t\t\t\t\tdata-qtmplayer-artist=\"RNA\"\n\t\t\t\t\t\tdata-qtmplayer-link=\"https:\/\/rna.ao\/rna.ao\/2021\/11\/08\/palancas-negras-comecam-hoje-a-preparar-desafio-com-o-egipto-na-corrida-ao-mundial-do-qatar\/\"\n\t\t\t\t\t\tdata-qtmplayer-icon=\"file_download\"\n\t\t\t\t\t\tdata-qtmplayer-type=\"track\"\n\t\t\t class=\"qtmplayer-play qtmplayer-link-sec qtmplayer-play-btn\"><i class='material-icons'>play_arrow<\/i><\/span>\n\t\t<p>\n\t\t\t<span class=\"qtmplayer-tit\">Palancas Negras come\u00e7am hoje a preparar desafio com o Egipto na corrida ao Mundial do Qatar<\/span>\n\t\t\t<span class=\"qtmplayer-art\">RNA<\/span>\n\t\t<\/p>\n\t<\/li>\n\t\t<\/ul>\n\t<\/div>\t\t\t\n\t\n<p style=\"font-weight: 400;\">Outro jogador que brilhou no futebol eg\u00edpcio foi Fl\u00e1vio Amado, ele que apresenta a receita para os Palancas Negras fazerem uma boa figura diante dos Fara\u00f3s. Clique no \u00e1udio e ou\u00e7a:<\/p>\n\t<div class=\"qtmplayer-playlist-large\">\n\t\t<ul class=\"qtmplayer-playlist\">\n\t\t\t\n\t\t\t\t\t<li class=\"qtmplayer-trackitem\">\n\t\t<img src=\"https:\/\/rna.ao\/rna.ao\/wp-content\/uploads\/2020\/10\/Pedro-Goncalves-4-100x100.jpg\" alt=\"cover\">\t\t<span \t\t\tdata-qtmplayer-cover=\"https:\/\/rna.ao\/rna.ao\/wp-content\/uploads\/2020\/10\/Pedro-Goncalves-4-370x370.jpg\"\n\t\t\t\t\t\tdata-qtmplayer-file=\"https:\/\/rna.ao\/rna.ao\/wp-content\/uploads\/2021\/11\/3-FLAVIO-AMADO-08-11-21.mp3\"\n\t\t\t\t\t\tdata-qtmplayer-title=\"Palancas Negras come\u00e7am hoje a preparar desafio com o Egipto na corrida ao Mundial do Qatar\"\n\t\t\t\t\t\tdata-qtmplayer-artist=\"RNA\"\n\t\t\t\t\t\tdata-qtmplayer-link=\"https:\/\/rna.ao\/rna.ao\/2021\/11\/08\/palancas-negras-comecam-hoje-a-preparar-desafio-com-o-egipto-na-corrida-ao-mundial-do-qatar\/\"\n\t\t\t\t\t\tdata-qtmplayer-icon=\"file_download\"\n\t\t\t\t\t\tdata-qtmplayer-type=\"track\"\n\t\t\t class=\"qtmplayer-play qtmplayer-link-sec qtmplayer-play-btn\"><i class='material-icons'>play_arrow<\/i><\/span>\n\t\t<p>\n\t\t\t<span class=\"qtmplayer-tit\">Palancas Negras come\u00e7am hoje a preparar desafio com o Egipto na corrida ao Mundial do Qatar<\/span>\n\t\t\t<span class=\"qtmplayer-art\">RNA<\/span>\n\t\t<\/p>\n\t<\/li>\n\t\t<\/ul>\n\t<\/div>\t\t\t\n\t\n<p style=\"font-weight: 400;\">Fonte: R\u00e1dio 5\/RNA<\/p>\n","protected":false},"excerpt":{"rendered":"<p>Os Palancas Negras come\u00e7am esta segunda-feira, 08\/11, a preparar o desafio desta sexta-feira, dia 12\/11, no Est\u00e1dio Nacional \u201c11 de Novembro\u201d o desafio com o Egipto, referente \u00e0 5\u00aa jornada do grupo F de qualifica\u00e7\u00e3o ao Mundial do pr\u00f3ximo ano no Qatar. O seleccionador nacional, Pedro Gon\u00e7alves, tem a prepara\u00e7\u00e3o ...<\/p>\n","protected":false},"author":8,"featured_media":8018,"comment_status":"closed","ping_status":"closed","sticky":false,"template":"","format":"standard","meta":[],"categories":[145,125],"tags":[],"_links":{"self":[{"href":"https:\/\/rna.ao\/rna.ao\/wp-json\/wp\/v2\/posts\/42021"}],"collection":[{"href":"https:\/\/rna.ao\/rna.ao\/wp-json\/wp\/v2\/posts"}],"about":[{"href":"https:\/\/rna.ao\/rna.ao\/wp-json\/wp\/v2\/types\/post"}],"author":[{"embeddable":true,"href":"https:\/\/rna.ao\/rna.ao\/wp-json\/wp\/v2\/users\/8"}],"replies":[{"embeddable":true,"href":"https:\/\/rna.ao\/rna.ao\/wp-json\/wp\/v2\/comments?post=42021"}],"version-history":[{"count":1,"href":"https:\/\/rna.ao\/rna.ao\/wp-json\/wp\/v2\/posts\/42021\/revisions"}],"predecessor-version":[{"id":42025,"href":"https:\/\/rna.ao\/rna.ao\/wp-json\/wp\/v2\/posts\/42021\/revisions\/42025"}],"wp:featuredmedia":[{"embeddable":true,"href":"https:\/\/rna.ao\/rna.ao\/wp-json\/wp\/v2\/media\/8018"}],"wp:attachment":[{"href":"https:\/\/rna.ao\/rna.ao\/wp-json\/wp\/v2\/media?parent=42021"}],"wp:term":[{"taxonomy":"category","embeddable":true,"href":"https:\/\/rna.ao\/rna.ao\/wp-json\/wp\/v2\/categories?post=42021"},{"taxonomy":"post_tag","embeddable":true,"href":"https:\/\/rna.ao\/rna.ao\/wp-json\/wp\/v2\/tags?post=42021"}],"curies":[{"name":"wp","href":"https:\/\/api.w.org\/{rel}","templated":true}]}}