{"id":42014,"date":"2021-11-08T06:08:34","date_gmt":"2021-11-08T05:08:34","guid":{"rendered":"https:\/\/rna.ao\/rna.ao\/?p=42014"},"modified":"2021-11-09T07:31:20","modified_gmt":"2021-11-09T06:31:20","slug":"radar-economico-empresas-dos-estados-membros-da-cplp-contam-com-pavilhao-institucional-na-36a-edicao-da-filda","status":"publish","type":"post","link":"https:\/\/rna.ao\/rna.ao\/2021\/11\/08\/radar-economico-empresas-dos-estados-membros-da-cplp-contam-com-pavilhao-institucional-na-36a-edicao-da-filda\/","title":{"rendered":"RADAR ECON\u00d3MICO: Empresas dos Estados membros da CPLP contam com Pavilh\u00e3o Institucional na 36\u00aa edi\u00e7\u00e3o da FILDA"},"content":{"rendered":"<p><img loading=\"lazy\" class=\"size-full wp-image-30272 alignleft\" src=\"https:\/\/rna.ao\/rna.ao\/wp-content\/uploads\/2021\/07\/RADAR-ECONOMICO-MELHOR.jpg\" alt=\"\" width=\"188\" height=\"101\" \/>O Jornal de Economia da R\u00e1dio Nacional de Angola traz esta segunda-feira, 08 de Novembro, o seguinte destaque: \u201cEmpresas dos Estados membros e observadores da CPLP contam com um pavilh\u00e3o institucional, na 36\u00aa edi\u00e7\u00e3o da FILDA, agendada para acontecer de 30 de Novembro a 4 de Dezembro, do ano em curso\u201d. Clique, no \u00e1udio abaixo, e ou\u00e7a esta e outras not\u00edcias com mais desenvolvimento na voz do jornalista Airton Kenha:<\/p>\n\t<div class=\"qtmplayer-playlist-large\">\n\t\t<ul class=\"qtmplayer-playlist\">\n\t\t\t\n\t\t\t\t\t<li class=\"qtmplayer-trackitem\">\n\t\t<img src=\"https:\/\/rna.ao\/rna.ao\/wp-content\/uploads\/2021\/07\/RADAR-ECONOMICO-MELHOR-100x100.jpg\" alt=\"cover\">\t\t<span \t\t\tdata-qtmplayer-cover=\"https:\/\/rna.ao\/rna.ao\/wp-content\/uploads\/2021\/07\/RADAR-ECONOMICO-MELHOR.jpg\"\n\t\t\t\t\t\tdata-qtmplayer-file=\"https:\/\/rna.ao\/rna.ao\/wp-content\/uploads\/2021\/11\/RADAR-ECONOMICO-08-11-1.mp3\"\n\t\t\t\t\t\tdata-qtmplayer-title=\"RADAR ECON\u00d3MICO: Empresas dos Estados membros da CPLP contam com Pavilh\u00e3o Institucional na 36\u00aa edi\u00e7\u00e3o da FILDA\"\n\t\t\t\t\t\tdata-qtmplayer-artist=\"RNA\"\n\t\t\t\t\t\tdata-qtmplayer-link=\"https:\/\/rna.ao\/rna.ao\/2021\/11\/08\/radar-economico-empresas-dos-estados-membros-da-cplp-contam-com-pavilhao-institucional-na-36a-edicao-da-filda\/\"\n\t\t\t\t\t\tdata-qtmplayer-icon=\"file_download\"\n\t\t\t\t\t\tdata-qtmplayer-type=\"track\"\n\t\t\t class=\"qtmplayer-play qtmplayer-link-sec qtmplayer-play-btn\"><i class='material-icons'>play_arrow<\/i><\/span>\n\t\t<p>\n\t\t\t<span class=\"qtmplayer-tit\">RADAR ECON\u00d3MICO: Empresas dos Estados membros da CPLP contam com Pavilh\u00e3o Institucional na 36\u00aa edi\u00e7\u00e3o da FILDA<\/span>\n\t\t\t<span class=\"qtmplayer-art\">RNA<\/span>\n\t\t<\/p>\n\t<\/li>\n\t\t<\/ul>\n\t<\/div>\t\t\t\n\t\n<p>Fonte: RNA<\/p>\n","protected":false},"excerpt":{"rendered":"<p>O Jornal de Economia da R\u00e1dio Nacional de Angola traz esta segunda-feira, 08 de Novembro, o seguinte destaque: \u201cEmpresas dos Estados membros e observadores da CPLP contam com um pavilh\u00e3o institucional, na 36\u00aa edi\u00e7\u00e3o da FILDA, agendada para acontecer de 30 de Novembro a 4 de Dezembro, do ano em ...<\/p>\n","protected":false},"author":8,"featured_media":30272,"comment_status":"closed","ping_status":"closed","sticky":false,"template":"","format":"standard","meta":[],"categories":[149],"tags":[],"_links":{"self":[{"href":"https:\/\/rna.ao\/rna.ao\/wp-json\/wp\/v2\/posts\/42014"}],"collection":[{"href":"https:\/\/rna.ao\/rna.ao\/wp-json\/wp\/v2\/posts"}],"about":[{"href":"https:\/\/rna.ao\/rna.ao\/wp-json\/wp\/v2\/types\/post"}],"author":[{"embeddable":true,"href":"https:\/\/rna.ao\/rna.ao\/wp-json\/wp\/v2\/users\/8"}],"replies":[{"embeddable":true,"href":"https:\/\/rna.ao\/rna.ao\/wp-json\/wp\/v2\/comments?post=42014"}],"version-history":[{"count":1,"href":"https:\/\/rna.ao\/rna.ao\/wp-json\/wp\/v2\/posts\/42014\/revisions"}],"predecessor-version":[{"id":42017,"href":"https:\/\/rna.ao\/rna.ao\/wp-json\/wp\/v2\/posts\/42014\/revisions\/42017"}],"wp:featuredmedia":[{"embeddable":true,"href":"https:\/\/rna.ao\/rna.ao\/wp-json\/wp\/v2\/media\/30272"}],"wp:attachment":[{"href":"https:\/\/rna.ao\/rna.ao\/wp-json\/wp\/v2\/media?parent=42014"}],"wp:term":[{"taxonomy":"category","embeddable":true,"href":"https:\/\/rna.ao\/rna.ao\/wp-json\/wp\/v2\/categories?post=42014"},{"taxonomy":"post_tag","embeddable":true,"href":"https:\/\/rna.ao\/rna.ao\/wp-json\/wp\/v2\/tags?post=42014"}],"curies":[{"name":"wp","href":"https:\/\/api.w.org\/{rel}","templated":true}]}}