{"id":41941,"date":"2021-11-06T07:12:03","date_gmt":"2021-11-06T06:12:03","guid":{"rendered":"https:\/\/rna.ao\/rna.ao\/?p=41941"},"modified":"2021-11-06T08:44:52","modified_gmt":"2021-11-06T07:44:52","slug":"novos-donos-e-gestores-do-kero-nosso-super-e-poupa-la-podem-ser-conhecidos-ainda-este-ano","status":"publish","type":"post","link":"https:\/\/rna.ao\/rna.ao\/2021\/11\/06\/novos-donos-e-gestores-do-kero-nosso-super-e-poupa-la-podem-ser-conhecidos-ainda-este-ano\/","title":{"rendered":"Novos donos e gestores do KERO, NOSSO SUPER e POUPA L\u00c1 podem ser conhecidos ainda este ano"},"content":{"rendered":"<p><img loading=\"lazy\" class=\"size-full wp-image-41944 alignleft\" src=\"https:\/\/rna.ao\/rna.ao\/wp-content\/uploads\/2021\/11\/Carro-de-compras-KERO.jpg\" alt=\"\" width=\"315\" height=\"160\" \/>O Instituto de Activos e Participa\u00e7\u00f5es do Estado (IGAPE) esclarece, em nota de imprensa, que o processo de cess\u00e3o de direito de explora\u00e7\u00e3o e gest\u00e3o do KERO, ainda n\u00e3o est\u00e1 conclu\u00eddo. Ou\u00e7a, no \u00e1udio abaixo, a nota de imprensa na voz do jornalista Isa\u00edas Afonso:<\/p>\n\t<div class=\"qtmplayer-playlist-large\">\n\t\t<ul class=\"qtmplayer-playlist\">\n\t\t\t\n\t\t\t\t\t<li class=\"qtmplayer-trackitem\">\n\t\t<img src=\"https:\/\/rna.ao\/rna.ao\/wp-content\/uploads\/2021\/11\/Carro-de-compras-KERO-100x100.jpg\" alt=\"cover\">\t\t<span \t\t\tdata-qtmplayer-cover=\"https:\/\/rna.ao\/rna.ao\/wp-content\/uploads\/2021\/11\/Carro-de-compras-KERO.jpg\"\n\t\t\t\t\t\tdata-qtmplayer-file=\"https:\/\/rna.ao\/rna.ao\/wp-content\/uploads\/2021\/11\/ISAIAS-AFONSO.mp3\"\n\t\t\t\t\t\tdata-qtmplayer-title=\"Novos donos e gestores do KERO, NOSSO SUPER e POUPA L\u00c1 podem ser conhecidos ainda este ano\"\n\t\t\t\t\t\tdata-qtmplayer-artist=\"RNA\"\n\t\t\t\t\t\tdata-qtmplayer-link=\"https:\/\/rna.ao\/rna.ao\/2021\/11\/06\/novos-donos-e-gestores-do-kero-nosso-super-e-poupa-la-podem-ser-conhecidos-ainda-este-ano\/\"\n\t\t\t\t\t\tdata-qtmplayer-icon=\"file_download\"\n\t\t\t\t\t\tdata-qtmplayer-type=\"track\"\n\t\t\t class=\"qtmplayer-play qtmplayer-link-sec qtmplayer-play-btn\"><i class='material-icons'>play_arrow<\/i><\/span>\n\t\t<p>\n\t\t\t<span class=\"qtmplayer-tit\">Novos donos e gestores do KERO, NOSSO SUPER e POUPA L\u00c1 podem ser conhecidos ainda este ano<\/span>\n\t\t\t<span class=\"qtmplayer-art\">RNA<\/span>\n\t\t<\/p>\n\t<\/li>\n\t\t<\/ul>\n\t<\/div>\t\t\t\n\t\n<p>Entretanto, os novos donos que v\u00e3o gerir as redes de h\u00edper e supermercados KERO, NOSSO SUPER e POUPA L\u00c1 podem ser conhecidos, ainda este ano. De acordo com o t\u00e9cnico de privatiza\u00e7\u00f5es do IGAPE, Jo\u00e3o Sienguela, os processos de entrega da gest\u00e3o privada, das duas redes de supermercados, est\u00e3o quase conclu\u00eddos. Clique no \u00e1udio e ou\u00e7a:<\/p>\n\t<div class=\"qtmplayer-playlist-large\">\n\t\t<ul class=\"qtmplayer-playlist\">\n\t\t\t\n\t\t\t\t\t<li class=\"qtmplayer-trackitem\">\n\t\t<img src=\"https:\/\/rna.ao\/rna.ao\/wp-content\/uploads\/2021\/11\/Carro-de-compras-KERO-100x100.jpg\" alt=\"cover\">\t\t<span \t\t\tdata-qtmplayer-cover=\"https:\/\/rna.ao\/rna.ao\/wp-content\/uploads\/2021\/11\/Carro-de-compras-KERO.jpg\"\n\t\t\t\t\t\tdata-qtmplayer-file=\"https:\/\/rna.ao\/rna.ao\/wp-content\/uploads\/2021\/11\/JOAO-SINGUELA-1.mp3\"\n\t\t\t\t\t\tdata-qtmplayer-title=\"Novos donos e gestores do KERO, NOSSO SUPER e POUPA L\u00c1 podem ser conhecidos ainda este ano\"\n\t\t\t\t\t\tdata-qtmplayer-artist=\"RNA\"\n\t\t\t\t\t\tdata-qtmplayer-link=\"https:\/\/rna.ao\/rna.ao\/2021\/11\/06\/novos-donos-e-gestores-do-kero-nosso-super-e-poupa-la-podem-ser-conhecidos-ainda-este-ano\/\"\n\t\t\t\t\t\tdata-qtmplayer-icon=\"file_download\"\n\t\t\t\t\t\tdata-qtmplayer-type=\"track\"\n\t\t\t class=\"qtmplayer-play qtmplayer-link-sec qtmplayer-play-btn\"><i class='material-icons'>play_arrow<\/i><\/span>\n\t\t<p>\n\t\t\t<span class=\"qtmplayer-tit\">Novos donos e gestores do KERO, NOSSO SUPER e POUPA L\u00c1 podem ser conhecidos ainda este ano<\/span>\n\t\t\t<span class=\"qtmplayer-art\">RNA<\/span>\n\t\t<\/p>\n\t<\/li>\n\t\t<\/ul>\n\t<\/div>\t\t\t\n\t\n<p>Fonte: RNA<\/p>\n<p>&nbsp;<\/p>\n","protected":false},"excerpt":{"rendered":"<p>O Instituto de Activos e Participa\u00e7\u00f5es do Estado (IGAPE) esclarece, em nota de imprensa, que o processo de cess\u00e3o de direito de explora\u00e7\u00e3o e gest\u00e3o do KERO, ainda n\u00e3o est\u00e1 conclu\u00eddo. Ou\u00e7a, no \u00e1udio abaixo, a nota de imprensa na voz do jornalista Isa\u00edas Afonso: Entretanto, os novos donos que ...<\/p>\n","protected":false},"author":8,"featured_media":41944,"comment_status":"closed","ping_status":"closed","sticky":false,"template":"","format":"standard","meta":[],"categories":[142,121,164,163],"tags":[],"_links":{"self":[{"href":"https:\/\/rna.ao\/rna.ao\/wp-json\/wp\/v2\/posts\/41941"}],"collection":[{"href":"https:\/\/rna.ao\/rna.ao\/wp-json\/wp\/v2\/posts"}],"about":[{"href":"https:\/\/rna.ao\/rna.ao\/wp-json\/wp\/v2\/types\/post"}],"author":[{"embeddable":true,"href":"https:\/\/rna.ao\/rna.ao\/wp-json\/wp\/v2\/users\/8"}],"replies":[{"embeddable":true,"href":"https:\/\/rna.ao\/rna.ao\/wp-json\/wp\/v2\/comments?post=41941"}],"version-history":[{"count":1,"href":"https:\/\/rna.ao\/rna.ao\/wp-json\/wp\/v2\/posts\/41941\/revisions"}],"predecessor-version":[{"id":41945,"href":"https:\/\/rna.ao\/rna.ao\/wp-json\/wp\/v2\/posts\/41941\/revisions\/41945"}],"wp:featuredmedia":[{"embeddable":true,"href":"https:\/\/rna.ao\/rna.ao\/wp-json\/wp\/v2\/media\/41944"}],"wp:attachment":[{"href":"https:\/\/rna.ao\/rna.ao\/wp-json\/wp\/v2\/media?parent=41941"}],"wp:term":[{"taxonomy":"category","embeddable":true,"href":"https:\/\/rna.ao\/rna.ao\/wp-json\/wp\/v2\/categories?post=41941"},{"taxonomy":"post_tag","embeddable":true,"href":"https:\/\/rna.ao\/rna.ao\/wp-json\/wp\/v2\/tags?post=41941"}],"curies":[{"name":"wp","href":"https:\/\/api.w.org\/{rel}","templated":true}]}}