{"id":41630,"date":"2021-11-03T07:05:04","date_gmt":"2021-11-03T06:05:04","guid":{"rendered":"https:\/\/rna.ao\/rna.ao\/?p=41630"},"modified":"2021-11-03T08:56:20","modified_gmt":"2021-11-03T07:56:20","slug":"futebol-com-muletas-seleccao-continua-preparacao-ao-africano-da-tanzania","status":"publish","type":"post","link":"https:\/\/rna.ao\/rna.ao\/2021\/11\/03\/futebol-com-muletas-seleccao-continua-preparacao-ao-africano-da-tanzania\/","title":{"rendered":"Futebol com Muletas: Selec\u00e7\u00e3o continua prepara\u00e7\u00e3o ao Africano da Tanz\u00e2nia"},"content":{"rendered":"<p><img loading=\"lazy\" class=\"size-full wp-image-41632 alignleft\" src=\"https:\/\/rna.ao\/rna.ao\/wp-content\/uploads\/2021\/11\/futebol-com-muletas-seleccao-angolana.jpg\" alt=\"\" width=\"275\" height=\"183\" \/>A selec\u00e7\u00e3o nacional de futebol com muletas continua a levar a cabo a sua prepara\u00e7\u00e3o, visando o Campeonato Africano de Dar-es-Salam, na Tanz\u00e2nia, prova que inicia no dia 25 de Novembro. Clique, no \u00e1udio abaixo, e saiba mais sobre os trabalhos dos orientados por Augusto Baptista Chieto, na reportagem do Adolfo Manuel:<\/p>\n\t<div class=\"qtmplayer-playlist-large\">\n\t\t<ul class=\"qtmplayer-playlist\">\n\t\t\t\n\t\t\t\t\t<li class=\"qtmplayer-trackitem\">\n\t\t<img src=\"https:\/\/rna.ao\/rna.ao\/wp-content\/uploads\/2021\/11\/futebol-com-muletas-seleccao-angolana-100x100.jpg\" alt=\"cover\">\t\t<span \t\t\tdata-qtmplayer-cover=\"https:\/\/rna.ao\/rna.ao\/wp-content\/uploads\/2021\/11\/futebol-com-muletas-seleccao-angolana.jpg\"\n\t\t\t\t\t\tdata-qtmplayer-file=\"https:\/\/rna.ao\/rna.ao\/wp-content\/uploads\/2021\/11\/3-ADOLFO-MANUEL-..01.02.2021.mp3\"\n\t\t\t\t\t\tdata-qtmplayer-title=\"Futebol com Muletas: Selec\u00e7\u00e3o continua prepara\u00e7\u00e3o ao Africano da Tanz\u00e2nia\"\n\t\t\t\t\t\tdata-qtmplayer-artist=\"RNA\"\n\t\t\t\t\t\tdata-qtmplayer-link=\"https:\/\/rna.ao\/rna.ao\/2021\/11\/03\/futebol-com-muletas-seleccao-continua-preparacao-ao-africano-da-tanzania\/\"\n\t\t\t\t\t\tdata-qtmplayer-icon=\"file_download\"\n\t\t\t\t\t\tdata-qtmplayer-type=\"track\"\n\t\t\t class=\"qtmplayer-play qtmplayer-link-sec qtmplayer-play-btn\"><i class='material-icons'>play_arrow<\/i><\/span>\n\t\t<p>\n\t\t\t<span class=\"qtmplayer-tit\">Futebol com Muletas: Selec\u00e7\u00e3o continua prepara\u00e7\u00e3o ao Africano da Tanz\u00e2nia<\/span>\n\t\t\t<span class=\"qtmplayer-art\">RNA<\/span>\n\t\t<\/p>\n\t<\/li>\n\t\t<\/ul>\n\t<\/div>\t\t\t\n\t\n<p>Fonte: R\u00e1dio 5\/RNA<\/p>\n","protected":false},"excerpt":{"rendered":"<p>A selec\u00e7\u00e3o nacional de futebol com muletas continua a levar a cabo a sua prepara\u00e7\u00e3o, visando o Campeonato Africano de Dar-es-Salam, na Tanz\u00e2nia, prova que inicia no dia 25 de Novembro. Clique, no \u00e1udio abaixo, e saiba mais sobre os trabalhos dos orientados por Augusto Baptista Chieto, na reportagem do ...<\/p>\n","protected":false},"author":8,"featured_media":41632,"comment_status":"closed","ping_status":"closed","sticky":false,"template":"","format":"standard","meta":[],"categories":[145,125,164],"tags":[],"_links":{"self":[{"href":"https:\/\/rna.ao\/rna.ao\/wp-json\/wp\/v2\/posts\/41630"}],"collection":[{"href":"https:\/\/rna.ao\/rna.ao\/wp-json\/wp\/v2\/posts"}],"about":[{"href":"https:\/\/rna.ao\/rna.ao\/wp-json\/wp\/v2\/types\/post"}],"author":[{"embeddable":true,"href":"https:\/\/rna.ao\/rna.ao\/wp-json\/wp\/v2\/users\/8"}],"replies":[{"embeddable":true,"href":"https:\/\/rna.ao\/rna.ao\/wp-json\/wp\/v2\/comments?post=41630"}],"version-history":[{"count":2,"href":"https:\/\/rna.ao\/rna.ao\/wp-json\/wp\/v2\/posts\/41630\/revisions"}],"predecessor-version":[{"id":41648,"href":"https:\/\/rna.ao\/rna.ao\/wp-json\/wp\/v2\/posts\/41630\/revisions\/41648"}],"wp:featuredmedia":[{"embeddable":true,"href":"https:\/\/rna.ao\/rna.ao\/wp-json\/wp\/v2\/media\/41632"}],"wp:attachment":[{"href":"https:\/\/rna.ao\/rna.ao\/wp-json\/wp\/v2\/media?parent=41630"}],"wp:term":[{"taxonomy":"category","embeddable":true,"href":"https:\/\/rna.ao\/rna.ao\/wp-json\/wp\/v2\/categories?post=41630"},{"taxonomy":"post_tag","embeddable":true,"href":"https:\/\/rna.ao\/rna.ao\/wp-json\/wp\/v2\/tags?post=41630"}],"curies":[{"name":"wp","href":"https:\/\/api.w.org\/{rel}","templated":true}]}}