{"id":41582,"date":"2021-11-02T14:55:48","date_gmt":"2021-11-02T13:55:48","guid":{"rendered":"https:\/\/rna.ao\/rna.ao\/?p=41582"},"modified":"2021-11-02T14:55:48","modified_gmt":"2021-11-02T13:55:48","slug":"raios-matam-quatro-pessoas-no-bie-no-cuanza-norte-chuva-deixa-325-familias-sem-casa","status":"publish","type":"post","link":"https:\/\/rna.ao\/rna.ao\/2021\/11\/02\/raios-matam-quatro-pessoas-no-bie-no-cuanza-norte-chuva-deixa-325-familias-sem-casa\/","title":{"rendered":"Raios matam quatro pessoas no Bi\u00e9. No Cuanza-Norte chuva deixa 325 fam\u00edlias sem casa"},"content":{"rendered":"<p><img loading=\"lazy\" class=\"size-full wp-image-41584 alignleft\" src=\"https:\/\/rna.ao\/rna.ao\/wp-content\/uploads\/2021\/11\/Raios-de-Chuva.jpg\" alt=\"\" width=\"304\" height=\"166\" \/>Quatro pessoas morreram, na Prov\u00edncia do Bi\u00e9, v\u00edtimas de raio da chuva. Os n\u00fameros s\u00e3o avan\u00e7ados pelo Servi\u00e7o de Protec\u00e7\u00e3o Civil e Bombeiros que, de acordo com o seu porta-voz, durante o balan\u00e7o provis\u00f3rio das ocorr\u00eancias do final de semana prolongado, mais de 300 pessoas ficaram desalojadas, na Prov\u00edncia do Cuanza-Norte, em consequ\u00eancia das fortes chuvas. Clique no \u00e1udio e ou\u00e7a:<\/p>\n\t<div class=\"qtmplayer-playlist-large\">\n\t\t<ul class=\"qtmplayer-playlist\">\n\t\t\t\n\t\t\t\t\t<li class=\"qtmplayer-trackitem\">\n\t\t<img src=\"https:\/\/rna.ao\/rna.ao\/wp-content\/uploads\/2021\/11\/Raios-de-Chuva-100x100.jpg\" alt=\"cover\">\t\t<span \t\t\tdata-qtmplayer-cover=\"https:\/\/rna.ao\/rna.ao\/wp-content\/uploads\/2021\/11\/Raios-de-Chuva.jpg\"\n\t\t\t\t\t\tdata-qtmplayer-file=\"https:\/\/rna.ao\/rna.ao\/wp-content\/uploads\/2021\/11\/BOMBEIROS.mp3\"\n\t\t\t\t\t\tdata-qtmplayer-title=\"Raios matam quatro pessoas no Bi\u00e9. No Cuanza-Norte chuva deixa 325 fam\u00edlias sem casa\"\n\t\t\t\t\t\tdata-qtmplayer-artist=\"RNA\"\n\t\t\t\t\t\tdata-qtmplayer-link=\"https:\/\/rna.ao\/rna.ao\/2021\/11\/02\/raios-matam-quatro-pessoas-no-bie-no-cuanza-norte-chuva-deixa-325-familias-sem-casa\/\"\n\t\t\t\t\t\tdata-qtmplayer-icon=\"file_download\"\n\t\t\t\t\t\tdata-qtmplayer-type=\"track\"\n\t\t\t class=\"qtmplayer-play qtmplayer-link-sec qtmplayer-play-btn\"><i class='material-icons'>play_arrow<\/i><\/span>\n\t\t<p>\n\t\t\t<span class=\"qtmplayer-tit\">Raios matam quatro pessoas no Bi\u00e9. No Cuanza-Norte chuva deixa 325 fam\u00edlias sem casa<\/span>\n\t\t\t<span class=\"qtmplayer-art\">RNA<\/span>\n\t\t<\/p>\n\t<\/li>\n\t\t<\/ul>\n\t<\/div>\t\t\t\n\t\n<p>Fonte: RNA<\/p>\n","protected":false},"excerpt":{"rendered":"<p>Quatro pessoas morreram, na Prov\u00edncia do Bi\u00e9, v\u00edtimas de raio da chuva. Os n\u00fameros s\u00e3o avan\u00e7ados pelo Servi\u00e7o de Protec\u00e7\u00e3o Civil e Bombeiros que, de acordo com o seu porta-voz, durante o balan\u00e7o provis\u00f3rio das ocorr\u00eancias do final de semana prolongado, mais de 300 pessoas ficaram desalojadas, na Prov\u00edncia do ...<\/p>\n","protected":false},"author":8,"featured_media":41584,"comment_status":"closed","ping_status":"closed","sticky":false,"template":"","format":"standard","meta":[],"categories":[121,163],"tags":[],"_links":{"self":[{"href":"https:\/\/rna.ao\/rna.ao\/wp-json\/wp\/v2\/posts\/41582"}],"collection":[{"href":"https:\/\/rna.ao\/rna.ao\/wp-json\/wp\/v2\/posts"}],"about":[{"href":"https:\/\/rna.ao\/rna.ao\/wp-json\/wp\/v2\/types\/post"}],"author":[{"embeddable":true,"href":"https:\/\/rna.ao\/rna.ao\/wp-json\/wp\/v2\/users\/8"}],"replies":[{"embeddable":true,"href":"https:\/\/rna.ao\/rna.ao\/wp-json\/wp\/v2\/comments?post=41582"}],"version-history":[{"count":1,"href":"https:\/\/rna.ao\/rna.ao\/wp-json\/wp\/v2\/posts\/41582\/revisions"}],"predecessor-version":[{"id":41585,"href":"https:\/\/rna.ao\/rna.ao\/wp-json\/wp\/v2\/posts\/41582\/revisions\/41585"}],"wp:featuredmedia":[{"embeddable":true,"href":"https:\/\/rna.ao\/rna.ao\/wp-json\/wp\/v2\/media\/41584"}],"wp:attachment":[{"href":"https:\/\/rna.ao\/rna.ao\/wp-json\/wp\/v2\/media?parent=41582"}],"wp:term":[{"taxonomy":"category","embeddable":true,"href":"https:\/\/rna.ao\/rna.ao\/wp-json\/wp\/v2\/categories?post=41582"},{"taxonomy":"post_tag","embeddable":true,"href":"https:\/\/rna.ao\/rna.ao\/wp-json\/wp\/v2\/tags?post=41582"}],"curies":[{"name":"wp","href":"https:\/\/api.w.org\/{rel}","templated":true}]}}