{"id":41530,"date":"2021-11-01T06:01:45","date_gmt":"2021-11-01T05:01:45","guid":{"rendered":"https:\/\/rna.ao\/rna.ao\/?p=41530"},"modified":"2021-11-02T09:07:57","modified_gmt":"2021-11-02T08:07:57","slug":"delegacao-angolana-chega-hoje-ao-dubai-para-competir-no-mundial-de-jiu-jitsu","status":"publish","type":"post","link":"https:\/\/rna.ao\/rna.ao\/2021\/11\/01\/delegacao-angolana-chega-hoje-ao-dubai-para-competir-no-mundial-de-jiu-jitsu\/","title":{"rendered":"Delega\u00e7\u00e3o angolana chega hoje ao Dubai para competir no mundial de Jiu-jitsu"},"content":{"rendered":"<p style=\"font-weight: 400;\"><img loading=\"lazy\" class=\"size-full wp-image-9301 alignleft\" src=\"https:\/\/rna.ao\/rna.ao\/wp-content\/uploads\/2020\/10\/jiu-jitsu.jpg\" alt=\"\" width=\"262\" height=\"192\" \/>Comitiva angolana chega esta segunda-feira, 01 de Novembro, \u00e0 Dubai para o mundial de jiu-jitsu. A prova arranca na quarta-feira (03\/11), e o nosso pa\u00eds vai competir no jiu-jitsu tradicional e brasileiro. Antes de seguir para os emirados \u00c1rabes Unidos, a delega\u00e7\u00e3o recebeu a bandeira nacional das m\u00e3os da titular da pasta do MINJUD. Na oportunidade, a Ministra Ana Paula do Sacramento Neto exortou ao grupo a primar pela uni\u00e3o como factor determinante para a for\u00e7a colectiva. Clique, no \u00e1udio abaixo, e saiba mais com o jornalista Paulino Fernandes:<\/p>\n\t<div class=\"qtmplayer-playlist-large\">\n\t\t<ul class=\"qtmplayer-playlist\">\n\t\t\t\n\t\t\t\t\t<li class=\"qtmplayer-trackitem\">\n\t\t<img src=\"https:\/\/rna.ao\/rna.ao\/wp-content\/uploads\/2020\/10\/jiu-jitsu-100x100.jpg\" alt=\"cover\">\t\t<span \t\t\tdata-qtmplayer-cover=\"https:\/\/rna.ao\/rna.ao\/wp-content\/uploads\/2020\/10\/jiu-jitsu.jpg\"\n\t\t\t\t\t\tdata-qtmplayer-file=\"https:\/\/rna.ao\/rna.ao\/wp-content\/uploads\/2021\/11\/9-PAULINO-FERNANDES-01-11-21.mp3\"\n\t\t\t\t\t\tdata-qtmplayer-title=\"Delega\u00e7\u00e3o angolana chega hoje ao Dubai para competir no mundial de Jiu-jitsu\"\n\t\t\t\t\t\tdata-qtmplayer-artist=\"RNA\"\n\t\t\t\t\t\tdata-qtmplayer-link=\"https:\/\/rna.ao\/rna.ao\/2021\/11\/01\/delegacao-angolana-chega-hoje-ao-dubai-para-competir-no-mundial-de-jiu-jitsu\/\"\n\t\t\t\t\t\tdata-qtmplayer-icon=\"file_download\"\n\t\t\t\t\t\tdata-qtmplayer-type=\"track\"\n\t\t\t class=\"qtmplayer-play qtmplayer-link-sec qtmplayer-play-btn\"><i class='material-icons'>play_arrow<\/i><\/span>\n\t\t<p>\n\t\t\t<span class=\"qtmplayer-tit\">Delega\u00e7\u00e3o angolana chega hoje ao Dubai para competir no mundial de Jiu-jitsu<\/span>\n\t\t\t<span class=\"qtmplayer-art\">RNA<\/span>\n\t\t<\/p>\n\t<\/li>\n\t\t<\/ul>\n\t<\/div>\t\t\t\n\t\n<p style=\"font-weight: 400;\">Fonte: R\u00e1dio 5\/RNA<\/p>\n","protected":false},"excerpt":{"rendered":"<p>Comitiva angolana chega esta segunda-feira, 01 de Novembro, \u00e0 Dubai para o mundial de jiu-jitsu. A prova arranca na quarta-feira (03\/11), e o nosso pa\u00eds vai competir no jiu-jitsu tradicional e brasileiro. Antes de seguir para os emirados \u00c1rabes Unidos, a delega\u00e7\u00e3o recebeu a bandeira nacional das m\u00e3os da titular ...<\/p>\n","protected":false},"author":8,"featured_media":9301,"comment_status":"closed","ping_status":"closed","sticky":false,"template":"","format":"standard","meta":[],"categories":[145,125],"tags":[],"_links":{"self":[{"href":"https:\/\/rna.ao\/rna.ao\/wp-json\/wp\/v2\/posts\/41530"}],"collection":[{"href":"https:\/\/rna.ao\/rna.ao\/wp-json\/wp\/v2\/posts"}],"about":[{"href":"https:\/\/rna.ao\/rna.ao\/wp-json\/wp\/v2\/types\/post"}],"author":[{"embeddable":true,"href":"https:\/\/rna.ao\/rna.ao\/wp-json\/wp\/v2\/users\/8"}],"replies":[{"embeddable":true,"href":"https:\/\/rna.ao\/rna.ao\/wp-json\/wp\/v2\/comments?post=41530"}],"version-history":[{"count":1,"href":"https:\/\/rna.ao\/rna.ao\/wp-json\/wp\/v2\/posts\/41530\/revisions"}],"predecessor-version":[{"id":41532,"href":"https:\/\/rna.ao\/rna.ao\/wp-json\/wp\/v2\/posts\/41530\/revisions\/41532"}],"wp:featuredmedia":[{"embeddable":true,"href":"https:\/\/rna.ao\/rna.ao\/wp-json\/wp\/v2\/media\/9301"}],"wp:attachment":[{"href":"https:\/\/rna.ao\/rna.ao\/wp-json\/wp\/v2\/media?parent=41530"}],"wp:term":[{"taxonomy":"category","embeddable":true,"href":"https:\/\/rna.ao\/rna.ao\/wp-json\/wp\/v2\/categories?post=41530"},{"taxonomy":"post_tag","embeddable":true,"href":"https:\/\/rna.ao\/rna.ao\/wp-json\/wp\/v2\/tags?post=41530"}],"curies":[{"name":"wp","href":"https:\/\/api.w.org\/{rel}","templated":true}]}}