{"id":41517,"date":"2021-11-01T06:04:15","date_gmt":"2021-11-01T05:04:15","guid":{"rendered":"https:\/\/rna.ao\/rna.ao\/?p=41517"},"modified":"2021-11-02T09:07:40","modified_gmt":"2021-11-02T08:07:40","slug":"presidente-da-federacao-internacional-de-natacao-aguardado-hoje-em-angola","status":"publish","type":"post","link":"https:\/\/rna.ao\/rna.ao\/2021\/11\/01\/presidente-da-federacao-internacional-de-natacao-aguardado-hoje-em-angola\/","title":{"rendered":"Presidente da federa\u00e7\u00e3o internacional de nata\u00e7\u00e3o aguardado hoje em Angola"},"content":{"rendered":"<p style=\"font-weight: 400;\"><img loading=\"lazy\" class=\"size-full wp-image-41520 aligncenter\" src=\"https:\/\/rna.ao\/rna.ao\/wp-content\/uploads\/2021\/11\/Julio-Cesar-Maglione-has-sp.jpg\" alt=\"\" width=\"693\" height=\"400\" \/>O Presidente da Federa\u00e7\u00e3o Internacional de Nata\u00e7\u00e3o, Julio C\u00e9sar, de nacionalidade uruguaia, chega esta segunda-feira, 01 de Novembro, a Angola para uma visita de trabalho de um dia.<\/p>\n<p style=\"font-weight: 400;\">A R\u00e1dio Cinco sabe que consta na agenda do Presidente da Federa\u00e7\u00e3o Internacional de Nata\u00e7\u00e3o um encontro com a titular da pasta do MINJUD, Ana Paula do Sacramento Neto.<\/p>\n<p style=\"font-weight: 400;\">Ao longo da nossa emiss\u00e3o prometemos trazer mais pormenores desta informa\u00e7\u00e3o.<\/p>\n<p>Fonte: R\u00e1dio 5\/RNA<\/p>\n","protected":false},"excerpt":{"rendered":"<p>O Presidente da Federa\u00e7\u00e3o Internacional de Nata\u00e7\u00e3o, Julio C\u00e9sar, de nacionalidade uruguaia, chega esta segunda-feira, 01 de Novembro, a Angola para uma visita de trabalho de um dia. A R\u00e1dio Cinco sabe que consta na agenda do Presidente da Federa\u00e7\u00e3o Internacional de Nata\u00e7\u00e3o um encontro com a titular da pasta ...<\/p>\n","protected":false},"author":8,"featured_media":41521,"comment_status":"closed","ping_status":"closed","sticky":false,"template":"","format":"standard","meta":[],"categories":[145,125],"tags":[],"_links":{"self":[{"href":"https:\/\/rna.ao\/rna.ao\/wp-json\/wp\/v2\/posts\/41517"}],"collection":[{"href":"https:\/\/rna.ao\/rna.ao\/wp-json\/wp\/v2\/posts"}],"about":[{"href":"https:\/\/rna.ao\/rna.ao\/wp-json\/wp\/v2\/types\/post"}],"author":[{"embeddable":true,"href":"https:\/\/rna.ao\/rna.ao\/wp-json\/wp\/v2\/users\/8"}],"replies":[{"embeddable":true,"href":"https:\/\/rna.ao\/rna.ao\/wp-json\/wp\/v2\/comments?post=41517"}],"version-history":[{"count":1,"href":"https:\/\/rna.ao\/rna.ao\/wp-json\/wp\/v2\/posts\/41517\/revisions"}],"predecessor-version":[{"id":41522,"href":"https:\/\/rna.ao\/rna.ao\/wp-json\/wp\/v2\/posts\/41517\/revisions\/41522"}],"wp:featuredmedia":[{"embeddable":true,"href":"https:\/\/rna.ao\/rna.ao\/wp-json\/wp\/v2\/media\/41521"}],"wp:attachment":[{"href":"https:\/\/rna.ao\/rna.ao\/wp-json\/wp\/v2\/media?parent=41517"}],"wp:term":[{"taxonomy":"category","embeddable":true,"href":"https:\/\/rna.ao\/rna.ao\/wp-json\/wp\/v2\/categories?post=41517"},{"taxonomy":"post_tag","embeddable":true,"href":"https:\/\/rna.ao\/rna.ao\/wp-json\/wp\/v2\/tags?post=41517"}],"curies":[{"name":"wp","href":"https:\/\/api.w.org\/{rel}","templated":true}]}}