{"id":41496,"date":"2021-11-01T06:06:46","date_gmt":"2021-11-01T05:06:46","guid":{"rendered":"https:\/\/rna.ao\/rna.ao\/?p=41496"},"modified":"2021-11-02T09:08:50","modified_gmt":"2021-11-02T08:08:50","slug":"certificado-de-vacinacao-obrigatorio-a-partir-de-hoje-nos-servicos-publicos","status":"publish","type":"post","link":"https:\/\/rna.ao\/rna.ao\/2021\/11\/01\/certificado-de-vacinacao-obrigatorio-a-partir-de-hoje-nos-servicos-publicos\/","title":{"rendered":"Certificado de vacina\u00e7\u00e3o obrigat\u00f3rio a partir de hoje nos Servi\u00e7os P\u00fablicos"},"content":{"rendered":"<p><img loading=\"lazy\" class=\"size-full wp-image-30895 alignleft\" src=\"https:\/\/rna.ao\/rna.ao\/wp-content\/uploads\/2021\/07\/Francisco-Pereira-Furtado.jpg\" alt=\"\" width=\"312\" height=\"208\" \/>Os cidad\u00e3os nacionais maiores de 18 anos de idade devem apresentar, a partir desta segunda-feira, 01 de Novembro, o Certificado digital de vacina\u00e7\u00e3o contra a covid-19, para terem acesso \u00e0s institui\u00e7\u00f5es p\u00fablicas do pa\u00eds. A Obrigatoriedade de apresenta\u00e7\u00e3o do Certificado de Vacina\u00e7\u00e3o serve tamb\u00e9m, para os concursos de ingresso na Administra\u00e7\u00e3o P\u00fablica. O anuncio \u00e9 do Ministro de Estado e Chefe da Casa de Seguran\u00e7a do Presidente da Rep\u00fablica, Francisco Pereira Furtado, quando apresentava as medidas do novo Decreto Presidencial, sobre a Situa\u00e7\u00e3o de Calamidade P\u00fablica. Clique no \u00e1udio e ou\u00e7a:<\/p>\n\t<div class=\"qtmplayer-playlist-large\">\n\t\t<ul class=\"qtmplayer-playlist\">\n\t\t\t\n\t\t\t\t\t<li class=\"qtmplayer-trackitem\">\n\t\t<img src=\"https:\/\/rna.ao\/rna.ao\/wp-content\/uploads\/2021\/11\/Certificado-Digital-100x100.jpg\" alt=\"cover\">\t\t<span \t\t\tdata-qtmplayer-cover=\"https:\/\/rna.ao\/rna.ao\/wp-content\/uploads\/2021\/11\/Certificado-Digital.jpg\"\n\t\t\t\t\t\tdata-qtmplayer-file=\"https:\/\/rna.ao\/rna.ao\/wp-content\/uploads\/2021\/11\/FRANCISCO-FURTADO-1-7HRS.mp3\"\n\t\t\t\t\t\tdata-qtmplayer-title=\"Certificado de vacina\u00e7\u00e3o obrigat\u00f3rio a partir de hoje nos Servi\u00e7os P\u00fablicos\"\n\t\t\t\t\t\tdata-qtmplayer-artist=\"RNA\"\n\t\t\t\t\t\tdata-qtmplayer-link=\"https:\/\/rna.ao\/rna.ao\/2021\/11\/01\/certificado-de-vacinacao-obrigatorio-a-partir-de-hoje-nos-servicos-publicos\/\"\n\t\t\t\t\t\tdata-qtmplayer-icon=\"file_download\"\n\t\t\t\t\t\tdata-qtmplayer-type=\"track\"\n\t\t\t class=\"qtmplayer-play qtmplayer-link-sec qtmplayer-play-btn\"><i class='material-icons'>play_arrow<\/i><\/span>\n\t\t<p>\n\t\t\t<span class=\"qtmplayer-tit\">Certificado de vacina\u00e7\u00e3o obrigat\u00f3rio a partir de hoje nos Servi\u00e7os P\u00fablicos<\/span>\n\t\t\t<span class=\"qtmplayer-art\">RNA<\/span>\n\t\t<\/p>\n\t<\/li>\n\t\t<\/ul>\n\t<\/div>\t\t\t\n\t\n<p>Francisco Pereira Furtado chamou aten\u00e7\u00e3o da popula\u00e7\u00e3o, para aderir aos postos de vacina\u00e7\u00e3o, uma vez que s\u00f3 com as duas doses os cidad\u00e3os podem ser considerados plenamente imunizados. Clique no \u00e1udio e ou\u00e7a:<\/p>\n\t<div class=\"qtmplayer-playlist-large\">\n\t\t<ul class=\"qtmplayer-playlist\">\n\t\t\t\n\t\t\t\t\t<li class=\"qtmplayer-trackitem\">\n\t\t<img src=\"https:\/\/rna.ao\/rna.ao\/wp-content\/uploads\/2021\/11\/Certificado-Digital-100x100.jpg\" alt=\"cover\">\t\t<span \t\t\tdata-qtmplayer-cover=\"https:\/\/rna.ao\/rna.ao\/wp-content\/uploads\/2021\/11\/Certificado-Digital.jpg\"\n\t\t\t\t\t\tdata-qtmplayer-file=\"https:\/\/rna.ao\/rna.ao\/wp-content\/uploads\/2021\/11\/FRANCISCO-FURTADO-2-7HRS.mp3\"\n\t\t\t\t\t\tdata-qtmplayer-title=\"Certificado de vacina\u00e7\u00e3o obrigat\u00f3rio a partir de hoje nos Servi\u00e7os P\u00fablicos\"\n\t\t\t\t\t\tdata-qtmplayer-artist=\"RNA\"\n\t\t\t\t\t\tdata-qtmplayer-link=\"https:\/\/rna.ao\/rna.ao\/2021\/11\/01\/certificado-de-vacinacao-obrigatorio-a-partir-de-hoje-nos-servicos-publicos\/\"\n\t\t\t\t\t\tdata-qtmplayer-icon=\"file_download\"\n\t\t\t\t\t\tdata-qtmplayer-type=\"track\"\n\t\t\t class=\"qtmplayer-play qtmplayer-link-sec qtmplayer-play-btn\"><i class='material-icons'>play_arrow<\/i><\/span>\n\t\t<p>\n\t\t\t<span class=\"qtmplayer-tit\">Certificado de vacina\u00e7\u00e3o obrigat\u00f3rio a partir de hoje nos Servi\u00e7os P\u00fablicos<\/span>\n\t\t\t<span class=\"qtmplayer-art\">RNA<\/span>\n\t\t<\/p>\n\t<\/li>\n\t\t<\/ul>\n\t<\/div>\t\t\t\n\t\n<p>Fonte: RNA<\/p>\n","protected":false},"excerpt":{"rendered":"<p>Os cidad\u00e3os nacionais maiores de 18 anos de idade devem apresentar, a partir desta segunda-feira, 01 de Novembro, o Certificado digital de vacina\u00e7\u00e3o contra a covid-19, para terem acesso \u00e0s institui\u00e7\u00f5es p\u00fablicas do pa\u00eds. A Obrigatoriedade de apresenta\u00e7\u00e3o do Certificado de Vacina\u00e7\u00e3o serve tamb\u00e9m, para os concursos de ingresso na ...<\/p>\n","protected":false},"author":8,"featured_media":41499,"comment_status":"closed","ping_status":"closed","sticky":false,"template":"","format":"standard","meta":[],"categories":[142,121,163],"tags":[],"_links":{"self":[{"href":"https:\/\/rna.ao\/rna.ao\/wp-json\/wp\/v2\/posts\/41496"}],"collection":[{"href":"https:\/\/rna.ao\/rna.ao\/wp-json\/wp\/v2\/posts"}],"about":[{"href":"https:\/\/rna.ao\/rna.ao\/wp-json\/wp\/v2\/types\/post"}],"author":[{"embeddable":true,"href":"https:\/\/rna.ao\/rna.ao\/wp-json\/wp\/v2\/users\/8"}],"replies":[{"embeddable":true,"href":"https:\/\/rna.ao\/rna.ao\/wp-json\/wp\/v2\/comments?post=41496"}],"version-history":[{"count":1,"href":"https:\/\/rna.ao\/rna.ao\/wp-json\/wp\/v2\/posts\/41496\/revisions"}],"predecessor-version":[{"id":41500,"href":"https:\/\/rna.ao\/rna.ao\/wp-json\/wp\/v2\/posts\/41496\/revisions\/41500"}],"wp:featuredmedia":[{"embeddable":true,"href":"https:\/\/rna.ao\/rna.ao\/wp-json\/wp\/v2\/media\/41499"}],"wp:attachment":[{"href":"https:\/\/rna.ao\/rna.ao\/wp-json\/wp\/v2\/media?parent=41496"}],"wp:term":[{"taxonomy":"category","embeddable":true,"href":"https:\/\/rna.ao\/rna.ao\/wp-json\/wp\/v2\/categories?post=41496"},{"taxonomy":"post_tag","embeddable":true,"href":"https:\/\/rna.ao\/rna.ao\/wp-json\/wp\/v2\/tags?post=41496"}],"curies":[{"name":"wp","href":"https:\/\/api.w.org\/{rel}","templated":true}]}}