{"id":41495,"date":"2021-11-01T06:27:56","date_gmt":"2021-11-01T05:27:56","guid":{"rendered":"https:\/\/rna.ao\/rna.ao\/?p=41495"},"modified":"2021-11-01T06:27:56","modified_gmt":"2021-11-01T05:27:56","slug":"lideres-mundiais-debatem-o-futuro-do-planeta-na-cimeira-da-onu-sobre-alteracoes-climaticas-na-escocia","status":"publish","type":"post","link":"https:\/\/rna.ao\/rna.ao\/2021\/11\/01\/lideres-mundiais-debatem-o-futuro-do-planeta-na-cimeira-da-onu-sobre-alteracoes-climaticas-na-escocia\/","title":{"rendered":"L\u00edderes mundiais debatem o futuro do planeta na Cimeira da ONU sobre altera\u00e7\u00f5es clim\u00e1ticas, na Esc\u00f3cia"},"content":{"rendered":"<p><img loading=\"lazy\" class=\"size-full wp-image-40342 alignleft\" src=\"https:\/\/rna.ao\/rna.ao\/wp-content\/uploads\/2021\/10\/Joao-Lourenco-interview.png\" alt=\"\" width=\"290\" height=\"236\" \/>A cidade escocesa de Glasgow acolhe at\u00e9 12 de Novembro a vig\u00e9sima sexta Confer\u00eancia das na\u00e7\u00f5es Unidas, sobre mudan\u00e7as clim\u00e1ticas.<\/p>\n<p>O encontro de c\u00fapula das Na\u00e7\u00f5es Unidas, que contar\u00e1 com a presen\u00e7a de l\u00edderes mundiais, tem como objetivo refletir e alertar as Na\u00e7\u00f5es para o impacto do aquecimento global.<\/p>\n<p>O Presidente da Rep\u00fablica, Jo\u00e3o Louren\u00e7o, vai fazer ouvir a voz de angola, neste evento tamb\u00e9m denominado COP 26.<\/p>\n<p>Segundo um relat\u00f3rio, baseado em dados de v\u00e1rias agencias das na\u00e7\u00f5es Unidas, Servi\u00e7os Meteorol\u00f3gicos e Hidrol\u00f3gicos nacionais e especialistas cient\u00edficos, concentra\u00e7\u00f5es sem precedentes de gases de efeito estufa na atmosfera, e o calor acumulado associado, empurraram o planeta para um territ\u00f3rio desconhecido, com repercuss\u00f5es de longo alcance, para as gera\u00e7\u00f5es actuais e futuras.<\/p>\n<p>O relat\u00f3rio destaca os impactos na seguran\u00e7a alimentar, e no deslocamento das popula\u00e7\u00f5es, resultando em danos aos ecossistemas essenciais e prejudicando o progresso em direc\u00e7\u00e3o aos Objectivos de Desenvolvimento do Sustent\u00e1vel.<\/p>\n","protected":false},"excerpt":{"rendered":"<p>A cidade escocesa de Glasgow acolhe at\u00e9 12 de Novembro a vig\u00e9sima sexta Confer\u00eancia das na\u00e7\u00f5es Unidas, sobre mudan\u00e7as clim\u00e1ticas. O encontro de c\u00fapula das Na\u00e7\u00f5es Unidas, que contar\u00e1 com a presen\u00e7a de l\u00edderes mundiais, tem como objetivo refletir e alertar as Na\u00e7\u00f5es para o impacto do aquecimento global. O ...<\/p>\n","protected":false},"author":8,"featured_media":41376,"comment_status":"closed","ping_status":"closed","sticky":false,"template":"","format":"standard","meta":[],"categories":[142,121,163],"tags":[],"_links":{"self":[{"href":"https:\/\/rna.ao\/rna.ao\/wp-json\/wp\/v2\/posts\/41495"}],"collection":[{"href":"https:\/\/rna.ao\/rna.ao\/wp-json\/wp\/v2\/posts"}],"about":[{"href":"https:\/\/rna.ao\/rna.ao\/wp-json\/wp\/v2\/types\/post"}],"author":[{"embeddable":true,"href":"https:\/\/rna.ao\/rna.ao\/wp-json\/wp\/v2\/users\/8"}],"replies":[{"embeddable":true,"href":"https:\/\/rna.ao\/rna.ao\/wp-json\/wp\/v2\/comments?post=41495"}],"version-history":[{"count":1,"href":"https:\/\/rna.ao\/rna.ao\/wp-json\/wp\/v2\/posts\/41495\/revisions"}],"predecessor-version":[{"id":41506,"href":"https:\/\/rna.ao\/rna.ao\/wp-json\/wp\/v2\/posts\/41495\/revisions\/41506"}],"wp:featuredmedia":[{"embeddable":true,"href":"https:\/\/rna.ao\/rna.ao\/wp-json\/wp\/v2\/media\/41376"}],"wp:attachment":[{"href":"https:\/\/rna.ao\/rna.ao\/wp-json\/wp\/v2\/media?parent=41495"}],"wp:term":[{"taxonomy":"category","embeddable":true,"href":"https:\/\/rna.ao\/rna.ao\/wp-json\/wp\/v2\/categories?post=41495"},{"taxonomy":"post_tag","embeddable":true,"href":"https:\/\/rna.ao\/rna.ao\/wp-json\/wp\/v2\/tags?post=41495"}],"curies":[{"name":"wp","href":"https:\/\/api.w.org\/{rel}","templated":true}]}}