{"id":41476,"date":"2021-10-31T08:54:15","date_gmt":"2021-10-31T07:54:15","guid":{"rendered":"https:\/\/rna.ao\/rna.ao\/?p=41476"},"modified":"2021-10-31T08:54:15","modified_gmt":"2021-10-31T07:54:15","slug":"situacao-de-calamidade-publica-novo-decreto-entra-em-vigor-com-abertura-da-rota-aerea-brasil-angola","status":"publish","type":"post","link":"https:\/\/rna.ao\/rna.ao\/2021\/10\/31\/situacao-de-calamidade-publica-novo-decreto-entra-em-vigor-com-abertura-da-rota-aerea-brasil-angola\/","title":{"rendered":"Situa\u00e7\u00e3o de Calamidade P\u00fablica: Novo Decreto entra em vigor com abertura da rota a\u00e9rea Brasil-Angola"},"content":{"rendered":"<p><img loading=\"lazy\" class=\"size-full wp-image-18293 alignleft\" src=\"https:\/\/rna.ao\/rna.ao\/wp-content\/uploads\/2021\/02\/TAAG-26-02.jpg\" alt=\"\" width=\"244\" height=\"173\" \/>O Novo Decreto Presidencial sobre a Situa\u00e7\u00e3o de Calamidade P\u00fablica, j\u00e1 actualizado, entra em vigor a partir desta segunda-feira, 01 de Novembro. A apresenta\u00e7\u00e3o do Certificado de Vacina\u00e7\u00e3o passar\u00e1 a ser obrigat\u00f3ria, para os cidad\u00e3os que quiserem ingressar na fun\u00e7\u00e3o p\u00fablica. Saiba mais com o jornalista Daniel Marques:<\/p>\n\t<div class=\"qtmplayer-playlist-large\">\n\t\t<ul class=\"qtmplayer-playlist\">\n\t\t\t\n\t\t\t\t\t<li class=\"qtmplayer-trackitem\">\n\t\t<img src=\"https:\/\/rna.ao\/rna.ao\/wp-content\/uploads\/2021\/02\/TAAG-26-02-100x100.jpg\" alt=\"cover\">\t\t<span \t\t\tdata-qtmplayer-cover=\"https:\/\/rna.ao\/rna.ao\/wp-content\/uploads\/2021\/02\/TAAG-26-02.jpg\"\n\t\t\t\t\t\tdata-qtmplayer-file=\"https:\/\/rna.ao\/rna.ao\/wp-content\/uploads\/2021\/10\/DANIEL-MARQUES.mp3\"\n\t\t\t\t\t\tdata-qtmplayer-title=\"Situa\u00e7\u00e3o de Calamidade P\u00fablica: Novo Decreto entra em vigor com abertura da rota a\u00e9rea Brasil-Angola\"\n\t\t\t\t\t\tdata-qtmplayer-artist=\"RNA\"\n\t\t\t\t\t\tdata-qtmplayer-link=\"https:\/\/rna.ao\/rna.ao\/2021\/10\/31\/situacao-de-calamidade-publica-novo-decreto-entra-em-vigor-com-abertura-da-rota-aerea-brasil-angola\/\"\n\t\t\t\t\t\tdata-qtmplayer-icon=\"file_download\"\n\t\t\t\t\t\tdata-qtmplayer-type=\"track\"\n\t\t\t class=\"qtmplayer-play qtmplayer-link-sec qtmplayer-play-btn\"><i class='material-icons'>play_arrow<\/i><\/span>\n\t\t<p>\n\t\t\t<span class=\"qtmplayer-tit\">Situa\u00e7\u00e3o de Calamidade P\u00fablica: Novo Decreto entra em vigor com abertura da rota a\u00e9rea Brasil-Angola<\/span>\n\t\t\t<span class=\"qtmplayer-art\">RNA<\/span>\n\t\t<\/p>\n\t<\/li>\n\t\t<\/ul>\n\t<\/div>\t\t\t\n\t\n<p>Fonte: RNA<\/p>\n","protected":false},"excerpt":{"rendered":"<p>O Novo Decreto Presidencial sobre a Situa\u00e7\u00e3o de Calamidade P\u00fablica, j\u00e1 actualizado, entra em vigor a partir desta segunda-feira, 01 de Novembro. A apresenta\u00e7\u00e3o do Certificado de Vacina\u00e7\u00e3o passar\u00e1 a ser obrigat\u00f3ria, para os cidad\u00e3os que quiserem ingressar na fun\u00e7\u00e3o p\u00fablica. Saiba mais com o jornalista Daniel Marques: Fonte: RNA<\/p>\n","protected":false},"author":8,"featured_media":18293,"comment_status":"closed","ping_status":"closed","sticky":false,"template":"","format":"standard","meta":[],"categories":[142,163],"tags":[],"_links":{"self":[{"href":"https:\/\/rna.ao\/rna.ao\/wp-json\/wp\/v2\/posts\/41476"}],"collection":[{"href":"https:\/\/rna.ao\/rna.ao\/wp-json\/wp\/v2\/posts"}],"about":[{"href":"https:\/\/rna.ao\/rna.ao\/wp-json\/wp\/v2\/types\/post"}],"author":[{"embeddable":true,"href":"https:\/\/rna.ao\/rna.ao\/wp-json\/wp\/v2\/users\/8"}],"replies":[{"embeddable":true,"href":"https:\/\/rna.ao\/rna.ao\/wp-json\/wp\/v2\/comments?post=41476"}],"version-history":[{"count":1,"href":"https:\/\/rna.ao\/rna.ao\/wp-json\/wp\/v2\/posts\/41476\/revisions"}],"predecessor-version":[{"id":41481,"href":"https:\/\/rna.ao\/rna.ao\/wp-json\/wp\/v2\/posts\/41476\/revisions\/41481"}],"wp:featuredmedia":[{"embeddable":true,"href":"https:\/\/rna.ao\/rna.ao\/wp-json\/wp\/v2\/media\/18293"}],"wp:attachment":[{"href":"https:\/\/rna.ao\/rna.ao\/wp-json\/wp\/v2\/media?parent=41476"}],"wp:term":[{"taxonomy":"category","embeddable":true,"href":"https:\/\/rna.ao\/rna.ao\/wp-json\/wp\/v2\/categories?post=41476"},{"taxonomy":"post_tag","embeddable":true,"href":"https:\/\/rna.ao\/rna.ao\/wp-json\/wp\/v2\/tags?post=41476"}],"curies":[{"name":"wp","href":"https:\/\/api.w.org\/{rel}","templated":true}]}}