{"id":41467,"date":"2021-10-31T08:42:09","date_gmt":"2021-10-31T07:42:09","guid":{"rendered":"https:\/\/rna.ao\/rna.ao\/?p=41467"},"modified":"2021-10-31T08:42:09","modified_gmt":"2021-10-31T07:42:09","slug":"angola-leva-a-cop-26-estrategia-para-tornar-economia-menos-vulneravel-as-alteracoes-climaticas","status":"publish","type":"post","link":"https:\/\/rna.ao\/rna.ao\/2021\/10\/31\/angola-leva-a-cop-26-estrategia-para-tornar-economia-menos-vulneravel-as-alteracoes-climaticas\/","title":{"rendered":"Angola leva \u00e0 COP 26 estrat\u00e9gia para tornar economia menos vulner\u00e1vel \u00e0s altera\u00e7\u00f5es clim\u00e1ticas"},"content":{"rendered":"<p><img loading=\"lazy\" class=\"size-full wp-image-41375 alignleft\" src=\"https:\/\/rna.ao\/rna.ao\/wp-content\/uploads\/2021\/10\/Giza-gaspar-Martins.jpg\" alt=\"\" width=\"246\" height=\"205\" \/>A estrat\u00e9gia da Rep\u00fablica de Angola, para as altera\u00e7\u00f5es clim\u00e1ticas, ser\u00e1 apresentada na Cimeira de c\u00fapula das Na\u00e7\u00f5es Unidas. O documento aponta as ac\u00e7\u00f5es, que Angola deve realizar, para tornar a sua economia menos vulner\u00e1vel ao impacto das altera\u00e7\u00f5es clim\u00e1ticas. O director Nacional do Ambiente e Ac\u00e7\u00f5es Clim\u00e1ticas, Giza Martins, sublinha que o documento dever\u00e1 reflectir a agenda do governo angolano 2021\/2035. Clique no \u00e1udio e ou\u00e7a:<\/p>\n\t<div class=\"qtmplayer-playlist-large\">\n\t\t<ul class=\"qtmplayer-playlist\">\n\t\t\t\n\t\t\t\t\t<li class=\"qtmplayer-trackitem\">\n\t\t<img src=\"https:\/\/rna.ao\/rna.ao\/wp-content\/uploads\/2021\/10\/Giza-gaspar-Martins-100x100.jpg\" alt=\"cover\">\t\t<span \t\t\tdata-qtmplayer-cover=\"https:\/\/rna.ao\/rna.ao\/wp-content\/uploads\/2021\/10\/Giza-gaspar-Martins.jpg\"\n\t\t\t\t\t\tdata-qtmplayer-file=\"https:\/\/rna.ao\/rna.ao\/wp-content\/uploads\/2021\/10\/GIZA-MARTINS.mp3\"\n\t\t\t\t\t\tdata-qtmplayer-title=\"Angola leva \u00e0 COP 26 estrat\u00e9gia para tornar economia menos vulner\u00e1vel \u00e0s altera\u00e7\u00f5es clim\u00e1ticas\"\n\t\t\t\t\t\tdata-qtmplayer-artist=\"RNA\"\n\t\t\t\t\t\tdata-qtmplayer-link=\"https:\/\/rna.ao\/rna.ao\/2021\/10\/31\/angola-leva-a-cop-26-estrategia-para-tornar-economia-menos-vulneravel-as-alteracoes-climaticas\/\"\n\t\t\t\t\t\tdata-qtmplayer-icon=\"file_download\"\n\t\t\t\t\t\tdata-qtmplayer-type=\"track\"\n\t\t\t class=\"qtmplayer-play qtmplayer-link-sec qtmplayer-play-btn\"><i class='material-icons'>play_arrow<\/i><\/span>\n\t\t<p>\n\t\t\t<span class=\"qtmplayer-tit\">Angola leva \u00e0 COP 26 estrat\u00e9gia para tornar economia menos vulner\u00e1vel \u00e0s altera\u00e7\u00f5es clim\u00e1ticas<\/span>\n\t\t\t<span class=\"qtmplayer-art\">RNA<\/span>\n\t\t<\/p>\n\t<\/li>\n\t\t<\/ul>\n\t<\/div>\t\t\t\n\t\n<p>Fonte: RNA<\/p>\n","protected":false},"excerpt":{"rendered":"<p>A estrat\u00e9gia da Rep\u00fablica de Angola, para as altera\u00e7\u00f5es clim\u00e1ticas, ser\u00e1 apresentada na Cimeira de c\u00fapula das Na\u00e7\u00f5es Unidas. O documento aponta as ac\u00e7\u00f5es, que Angola deve realizar, para tornar a sua economia menos vulner\u00e1vel ao impacto das altera\u00e7\u00f5es clim\u00e1ticas. O director Nacional do Ambiente e Ac\u00e7\u00f5es Clim\u00e1ticas, Giza Martins, ...<\/p>\n","protected":false},"author":8,"featured_media":41375,"comment_status":"closed","ping_status":"closed","sticky":false,"template":"","format":"standard","meta":[],"categories":[142,163],"tags":[],"_links":{"self":[{"href":"https:\/\/rna.ao\/rna.ao\/wp-json\/wp\/v2\/posts\/41467"}],"collection":[{"href":"https:\/\/rna.ao\/rna.ao\/wp-json\/wp\/v2\/posts"}],"about":[{"href":"https:\/\/rna.ao\/rna.ao\/wp-json\/wp\/v2\/types\/post"}],"author":[{"embeddable":true,"href":"https:\/\/rna.ao\/rna.ao\/wp-json\/wp\/v2\/users\/8"}],"replies":[{"embeddable":true,"href":"https:\/\/rna.ao\/rna.ao\/wp-json\/wp\/v2\/comments?post=41467"}],"version-history":[{"count":1,"href":"https:\/\/rna.ao\/rna.ao\/wp-json\/wp\/v2\/posts\/41467\/revisions"}],"predecessor-version":[{"id":41470,"href":"https:\/\/rna.ao\/rna.ao\/wp-json\/wp\/v2\/posts\/41467\/revisions\/41470"}],"wp:featuredmedia":[{"embeddable":true,"href":"https:\/\/rna.ao\/rna.ao\/wp-json\/wp\/v2\/media\/41375"}],"wp:attachment":[{"href":"https:\/\/rna.ao\/rna.ao\/wp-json\/wp\/v2\/media?parent=41467"}],"wp:term":[{"taxonomy":"category","embeddable":true,"href":"https:\/\/rna.ao\/rna.ao\/wp-json\/wp\/v2\/categories?post=41467"},{"taxonomy":"post_tag","embeddable":true,"href":"https:\/\/rna.ao\/rna.ao\/wp-json\/wp\/v2\/tags?post=41467"}],"curies":[{"name":"wp","href":"https:\/\/api.w.org\/{rel}","templated":true}]}}