{"id":41462,"date":"2021-10-31T08:37:46","date_gmt":"2021-10-31T07:37:46","guid":{"rendered":"https:\/\/rna.ao\/rna.ao\/?p=41462"},"modified":"2021-10-31T08:37:46","modified_gmt":"2021-10-31T07:37:46","slug":"chefe-de-estado-angolano-ja-em-glasgow-para-a-cimeira-de-cupula-da-onu-sobre-alteracoes-climaticas","status":"publish","type":"post","link":"https:\/\/rna.ao\/rna.ao\/2021\/10\/31\/chefe-de-estado-angolano-ja-em-glasgow-para-a-cimeira-de-cupula-da-onu-sobre-alteracoes-climaticas\/","title":{"rendered":"Chefe de Estado angolano j\u00e1 em Glasgow para a Cimeira de C\u00fapula da ONU sobre altera\u00e7\u00f5es Clim\u00e1ticas"},"content":{"rendered":"<p class=\"MsoNormal\"><span style=\"font-family: 'Book Antiqua', 'serif'; font-size: 16pt;\"><img loading=\"lazy\" class=\"size-full wp-image-30264 alignleft\" src=\"https:\/\/rna.ao\/rna.ao\/wp-content\/uploads\/2021\/07\/Joao-Lourenco-PR.jpg\" alt=\"\" width=\"277\" height=\"182\" \/>O Presidente da Rep\u00fablica, Jo\u00e3o Louren\u00e7o, est\u00e1 em Glasgow, capital da Esc\u00f3cia, onde vai participar na 26\u00aa Confer\u00eancia das Na\u00e7\u00f5es Unidas sobre as altera\u00e7\u00f5es clim\u00e1ticas. O evento, que inicia este domingo, 31\/10, vai juntar 200 delega\u00e7\u00f5es, entre entidades governamentais, l\u00edderes empresariais e representantes da sociedade mundial. O encontro de c\u00fapula da ONU tem como objectivo reflectir e alertar as Na\u00e7\u00f5es, para o impacto do aquecimento global, como diz o porta-voz da Presid\u00eancia da Rep\u00fablica de Angola, Lu\u00eds Fernando:<\/span><\/p>\n\t<div class=\"qtmplayer-playlist-large\">\n\t\t<ul class=\"qtmplayer-playlist\">\n\t\t\t\n\t\t\t\t\t<li class=\"qtmplayer-trackitem\">\n\t\t<img src=\"https:\/\/rna.ao\/rna.ao\/wp-content\/uploads\/2021\/07\/Joao-Lourenco-PR-100x100.jpg\" alt=\"cover\">\t\t<span \t\t\tdata-qtmplayer-cover=\"https:\/\/rna.ao\/rna.ao\/wp-content\/uploads\/2021\/07\/Joao-Lourenco-PR.jpg\"\n\t\t\t\t\t\tdata-qtmplayer-file=\"https:\/\/rna.ao\/rna.ao\/wp-content\/uploads\/2021\/10\/LUIS-FERNANDO.mp3\"\n\t\t\t\t\t\tdata-qtmplayer-title=\"Chefe de Estado angolano j\u00e1 em Glasgow para a Cimeira de C\u00fapula da ONU sobre altera\u00e7\u00f5es Clim\u00e1ticas\"\n\t\t\t\t\t\tdata-qtmplayer-artist=\"RNA\"\n\t\t\t\t\t\tdata-qtmplayer-link=\"https:\/\/rna.ao\/rna.ao\/2021\/10\/31\/chefe-de-estado-angolano-ja-em-glasgow-para-a-cimeira-de-cupula-da-onu-sobre-alteracoes-climaticas\/\"\n\t\t\t\t\t\tdata-qtmplayer-icon=\"file_download\"\n\t\t\t\t\t\tdata-qtmplayer-type=\"track\"\n\t\t\t class=\"qtmplayer-play qtmplayer-link-sec qtmplayer-play-btn\"><i class='material-icons'>play_arrow<\/i><\/span>\n\t\t<p>\n\t\t\t<span class=\"qtmplayer-tit\">Chefe de Estado angolano j\u00e1 em Glasgow para a Cimeira de C\u00fapula da ONU sobre altera\u00e7\u00f5es Clim\u00e1ticas<\/span>\n\t\t\t<span class=\"qtmplayer-art\">RNA<\/span>\n\t\t<\/p>\n\t<\/li>\n\t\t<\/ul>\n\t<\/div>\t\t\t\n\t\n<p class=\"MsoNormal\"><span style=\"font-size: 16.0pt; line-height: 115%; font-family: 'Book Antiqua','serif';\">Fonte: RNA<\/span><\/p>\n","protected":false},"excerpt":{"rendered":"<p>O Presidente da Rep\u00fablica, Jo\u00e3o Louren\u00e7o, est\u00e1 em Glasgow, capital da Esc\u00f3cia, onde vai participar na 26\u00aa Confer\u00eancia das Na\u00e7\u00f5es Unidas sobre as altera\u00e7\u00f5es clim\u00e1ticas. O evento, que inicia este domingo, 31\/10, vai juntar 200 delega\u00e7\u00f5es, entre entidades governamentais, l\u00edderes empresariais e representantes da sociedade mundial. O encontro de c\u00fapula ...<\/p>\n","protected":false},"author":8,"featured_media":30264,"comment_status":"closed","ping_status":"closed","sticky":false,"template":"","format":"standard","meta":[],"categories":[142,163],"tags":[],"_links":{"self":[{"href":"https:\/\/rna.ao\/rna.ao\/wp-json\/wp\/v2\/posts\/41462"}],"collection":[{"href":"https:\/\/rna.ao\/rna.ao\/wp-json\/wp\/v2\/posts"}],"about":[{"href":"https:\/\/rna.ao\/rna.ao\/wp-json\/wp\/v2\/types\/post"}],"author":[{"embeddable":true,"href":"https:\/\/rna.ao\/rna.ao\/wp-json\/wp\/v2\/users\/8"}],"replies":[{"embeddable":true,"href":"https:\/\/rna.ao\/rna.ao\/wp-json\/wp\/v2\/comments?post=41462"}],"version-history":[{"count":1,"href":"https:\/\/rna.ao\/rna.ao\/wp-json\/wp\/v2\/posts\/41462\/revisions"}],"predecessor-version":[{"id":41464,"href":"https:\/\/rna.ao\/rna.ao\/wp-json\/wp\/v2\/posts\/41462\/revisions\/41464"}],"wp:featuredmedia":[{"embeddable":true,"href":"https:\/\/rna.ao\/rna.ao\/wp-json\/wp\/v2\/media\/30264"}],"wp:attachment":[{"href":"https:\/\/rna.ao\/rna.ao\/wp-json\/wp\/v2\/media?parent=41462"}],"wp:term":[{"taxonomy":"category","embeddable":true,"href":"https:\/\/rna.ao\/rna.ao\/wp-json\/wp\/v2\/categories?post=41462"},{"taxonomy":"post_tag","embeddable":true,"href":"https:\/\/rna.ao\/rna.ao\/wp-json\/wp\/v2\/tags?post=41462"}],"curies":[{"name":"wp","href":"https:\/\/api.w.org\/{rel}","templated":true}]}}