{"id":41461,"date":"2021-10-31T08:40:08","date_gmt":"2021-10-31T07:40:08","guid":{"rendered":"https:\/\/rna.ao\/rna.ao\/?p=41461"},"modified":"2021-10-31T08:40:08","modified_gmt":"2021-10-31T07:40:08","slug":"retoma-no-dia-01-de-novembro-o-servico-de-passageiros-de-comboio-de-luanda-para-o-cuanza-norte-e-malanje","status":"publish","type":"post","link":"https:\/\/rna.ao\/rna.ao\/2021\/10\/31\/retoma-no-dia-01-de-novembro-o-servico-de-passageiros-de-comboio-de-luanda-para-o-cuanza-norte-e-malanje\/","title":{"rendered":"Retoma no dia 01 de Novembro o servi\u00e7o de passageiros de comboio de Luanda para o Cuanza-Norte e Malanje"},"content":{"rendered":"<p><img loading=\"lazy\" class=\"size-full wp-image-36674 alignleft\" src=\"https:\/\/rna.ao\/rna.ao\/wp-content\/uploads\/2021\/09\/Comboio-populacao.jpg\" alt=\"\" width=\"645\" height=\"325\" \/>O Caminho-de-Ferro de Luanda retoma a partir desta segunda-feira, 01 de Novembro, a circula\u00e7\u00e3o di\u00e1ria dos comboios suburbanos de passageiros, e servi\u00e7os de transporte para as Prov\u00edncias do Cuanza-Norte e Malanje. A circula\u00e7\u00e3o de comboios, neste tro\u00e7o, estava suspensa enquanto vigorou a cerca sanit\u00e1ria em Luanda. De acordo com o porta-voz do CFL, Augusto Os\u00f3rio, ser\u00e3o realizadas tr\u00eas frequ\u00eancias semanais. Clique no \u00e1udio e ou\u00e7a:<\/p>\n\t<div class=\"qtmplayer-playlist-large\">\n\t\t<ul class=\"qtmplayer-playlist\">\n\t\t\t\n\t\t\t\t\t<li class=\"qtmplayer-trackitem\">\n\t\t<img src=\"https:\/\/rna.ao\/rna.ao\/wp-content\/uploads\/2021\/09\/Comboio-populacao-1-100x100.jpg\" alt=\"cover\">\t\t<span \t\t\tdata-qtmplayer-cover=\"https:\/\/rna.ao\/rna.ao\/wp-content\/uploads\/2021\/09\/Comboio-populacao-1.jpg\"\n\t\t\t\t\t\tdata-qtmplayer-file=\"https:\/\/rna.ao\/rna.ao\/wp-content\/uploads\/2021\/10\/AUGUSTO-OSORIO.mp3\"\n\t\t\t\t\t\tdata-qtmplayer-title=\"Retoma no dia 01 de Novembro o servi\u00e7o de passageiros de comboio de Luanda para o Cuanza-Norte e Malanje\"\n\t\t\t\t\t\tdata-qtmplayer-artist=\"RNA\"\n\t\t\t\t\t\tdata-qtmplayer-link=\"https:\/\/rna.ao\/rna.ao\/2021\/10\/31\/retoma-no-dia-01-de-novembro-o-servico-de-passageiros-de-comboio-de-luanda-para-o-cuanza-norte-e-malanje\/\"\n\t\t\t\t\t\tdata-qtmplayer-icon=\"file_download\"\n\t\t\t\t\t\tdata-qtmplayer-type=\"track\"\n\t\t\t class=\"qtmplayer-play qtmplayer-link-sec qtmplayer-play-btn\"><i class='material-icons'>play_arrow<\/i><\/span>\n\t\t<p>\n\t\t\t<span class=\"qtmplayer-tit\">Retoma no dia 01 de Novembro o servi\u00e7o de passageiros de comboio de Luanda para o Cuanza-Norte e Malanje<\/span>\n\t\t\t<span class=\"qtmplayer-art\">RNA<\/span>\n\t\t<\/p>\n\t<\/li>\n\t\t<\/ul>\n\t<\/div>\t\t\t\n\t\n<p>Fonte: RNA<\/p>\n","protected":false},"excerpt":{"rendered":"<p>O Caminho-de-Ferro de Luanda retoma a partir desta segunda-feira, 01 de Novembro, a circula\u00e7\u00e3o di\u00e1ria dos comboios suburbanos de passageiros, e servi\u00e7os de transporte para as Prov\u00edncias do Cuanza-Norte e Malanje. A circula\u00e7\u00e3o de comboios, neste tro\u00e7o, estava suspensa enquanto vigorou a cerca sanit\u00e1ria em Luanda. De acordo com o ...<\/p>\n","protected":false},"author":8,"featured_media":36675,"comment_status":"closed","ping_status":"closed","sticky":false,"template":"","format":"standard","meta":[],"categories":[142,163],"tags":[],"_links":{"self":[{"href":"https:\/\/rna.ao\/rna.ao\/wp-json\/wp\/v2\/posts\/41461"}],"collection":[{"href":"https:\/\/rna.ao\/rna.ao\/wp-json\/wp\/v2\/posts"}],"about":[{"href":"https:\/\/rna.ao\/rna.ao\/wp-json\/wp\/v2\/types\/post"}],"author":[{"embeddable":true,"href":"https:\/\/rna.ao\/rna.ao\/wp-json\/wp\/v2\/users\/8"}],"replies":[{"embeddable":true,"href":"https:\/\/rna.ao\/rna.ao\/wp-json\/wp\/v2\/comments?post=41461"}],"version-history":[{"count":1,"href":"https:\/\/rna.ao\/rna.ao\/wp-json\/wp\/v2\/posts\/41461\/revisions"}],"predecessor-version":[{"id":41466,"href":"https:\/\/rna.ao\/rna.ao\/wp-json\/wp\/v2\/posts\/41461\/revisions\/41466"}],"wp:featuredmedia":[{"embeddable":true,"href":"https:\/\/rna.ao\/rna.ao\/wp-json\/wp\/v2\/media\/36675"}],"wp:attachment":[{"href":"https:\/\/rna.ao\/rna.ao\/wp-json\/wp\/v2\/media?parent=41461"}],"wp:term":[{"taxonomy":"category","embeddable":true,"href":"https:\/\/rna.ao\/rna.ao\/wp-json\/wp\/v2\/categories?post=41461"},{"taxonomy":"post_tag","embeddable":true,"href":"https:\/\/rna.ao\/rna.ao\/wp-json\/wp\/v2\/tags?post=41461"}],"curies":[{"name":"wp","href":"https:\/\/api.w.org\/{rel}","templated":true}]}}