{"id":41435,"date":"2021-10-30T07:24:54","date_gmt":"2021-10-30T06:24:54","guid":{"rendered":"https:\/\/rna.ao\/rna.ao\/?p=41435"},"modified":"2021-10-30T07:50:50","modified_gmt":"2021-10-30T06:50:50","slug":"temos-pela-primeira-vez-a-despesa-com-a-educacao-a-ser-superior-a-despesa-para-a-defesa-vera-daves","status":"publish","type":"post","link":"https:\/\/rna.ao\/rna.ao\/2021\/10\/30\/temos-pela-primeira-vez-a-despesa-com-a-educacao-a-ser-superior-a-despesa-para-a-defesa-vera-daves\/","title":{"rendered":"&#8220;Temos pela primeira vez a despesa com a educa\u00e7\u00e3o a ser superior \u00e0 despesa para a defesa&#8221;, Vera Daves"},"content":{"rendered":"<p><img loading=\"lazy\" class=\"size-full wp-image-32504 alignleft\" src=\"https:\/\/rna.ao\/rna.ao\/wp-content\/uploads\/2021\/07\/Vera-Daves-de-Sousa-1.jpg\" alt=\"\" width=\"275\" height=\"183\" \/>A proposta de Or\u00e7amento Geral do Estado (OGE), para 2022, prev\u00ea um aumento das reservas alocadas para o sector social, em mais 24,7 por cento, face ao de 2021. A Ministra das Finan\u00e7as, Vera Daves de Sousa, avan\u00e7a que os sectores social e econ\u00f3mico s\u00e3o os que as suas dota\u00e7\u00f5es foram refor\u00e7adas, nesta proposta de Or\u00e7amento. Clique no \u00e1udio e ou\u00e7a:<\/p>\n\t<div class=\"qtmplayer-playlist-large\">\n\t\t<ul class=\"qtmplayer-playlist\">\n\t\t\t\n\t\t\t\t\t<li class=\"qtmplayer-trackitem\">\n\t\t<img src=\"https:\/\/rna.ao\/rna.ao\/wp-content\/uploads\/2021\/07\/Vera-Daves-de-Sousa-1-100x100.jpg\" alt=\"cover\">\t\t<span \t\t\tdata-qtmplayer-cover=\"https:\/\/rna.ao\/rna.ao\/wp-content\/uploads\/2021\/07\/Vera-Daves-de-Sousa-1.jpg\"\n\t\t\t\t\t\tdata-qtmplayer-file=\"https:\/\/rna.ao\/rna.ao\/wp-content\/uploads\/2021\/10\/VERA-DAVES-DE-SOUSA-1-07HRS.mp3\"\n\t\t\t\t\t\tdata-qtmplayer-title=\"&#8220;Temos pela primeira vez a despesa com a educa\u00e7\u00e3o a ser superior \u00e0 despesa para a defesa&#8221;, Vera Daves\"\n\t\t\t\t\t\tdata-qtmplayer-artist=\"RNA\"\n\t\t\t\t\t\tdata-qtmplayer-link=\"https:\/\/rna.ao\/rna.ao\/2021\/10\/30\/temos-pela-primeira-vez-a-despesa-com-a-educacao-a-ser-superior-a-despesa-para-a-defesa-vera-daves\/\"\n\t\t\t\t\t\tdata-qtmplayer-icon=\"file_download\"\n\t\t\t\t\t\tdata-qtmplayer-type=\"track\"\n\t\t\t class=\"qtmplayer-play qtmplayer-link-sec qtmplayer-play-btn\"><i class='material-icons'>play_arrow<\/i><\/span>\n\t\t<p>\n\t\t\t<span class=\"qtmplayer-tit\">&#8220;Temos pela primeira vez a despesa com a educa\u00e7\u00e3o a ser superior \u00e0 despesa para a defesa&#8221;, Vera Daves<\/span>\n\t\t\t<span class=\"qtmplayer-art\">RNA<\/span>\n\t\t<\/p>\n\t<\/li>\n\t\t<\/ul>\n\t<\/div>\t\t\t\n\t\n<p>Fonte: RNA<\/p>\n","protected":false},"excerpt":{"rendered":"<p>A proposta de Or\u00e7amento Geral do Estado (OGE), para 2022, prev\u00ea um aumento das reservas alocadas para o sector social, em mais 24,7 por cento, face ao de 2021. A Ministra das Finan\u00e7as, Vera Daves de Sousa, avan\u00e7a que os sectores social e econ\u00f3mico s\u00e3o os que as suas dota\u00e7\u00f5es ...<\/p>\n","protected":false},"author":8,"featured_media":32504,"comment_status":"closed","ping_status":"closed","sticky":false,"template":"","format":"standard","meta":[],"categories":[121,163],"tags":[],"_links":{"self":[{"href":"https:\/\/rna.ao\/rna.ao\/wp-json\/wp\/v2\/posts\/41435"}],"collection":[{"href":"https:\/\/rna.ao\/rna.ao\/wp-json\/wp\/v2\/posts"}],"about":[{"href":"https:\/\/rna.ao\/rna.ao\/wp-json\/wp\/v2\/types\/post"}],"author":[{"embeddable":true,"href":"https:\/\/rna.ao\/rna.ao\/wp-json\/wp\/v2\/users\/8"}],"replies":[{"embeddable":true,"href":"https:\/\/rna.ao\/rna.ao\/wp-json\/wp\/v2\/comments?post=41435"}],"version-history":[{"count":1,"href":"https:\/\/rna.ao\/rna.ao\/wp-json\/wp\/v2\/posts\/41435\/revisions"}],"predecessor-version":[{"id":41437,"href":"https:\/\/rna.ao\/rna.ao\/wp-json\/wp\/v2\/posts\/41435\/revisions\/41437"}],"wp:featuredmedia":[{"embeddable":true,"href":"https:\/\/rna.ao\/rna.ao\/wp-json\/wp\/v2\/media\/32504"}],"wp:attachment":[{"href":"https:\/\/rna.ao\/rna.ao\/wp-json\/wp\/v2\/media?parent=41435"}],"wp:term":[{"taxonomy":"category","embeddable":true,"href":"https:\/\/rna.ao\/rna.ao\/wp-json\/wp\/v2\/categories?post=41435"},{"taxonomy":"post_tag","embeddable":true,"href":"https:\/\/rna.ao\/rna.ao\/wp-json\/wp\/v2\/tags?post=41435"}],"curies":[{"name":"wp","href":"https:\/\/api.w.org\/{rel}","templated":true}]}}