{"id":41424,"date":"2021-10-30T07:27:22","date_gmt":"2021-10-30T06:27:22","guid":{"rendered":"https:\/\/rna.ao\/rna.ao\/?p=41424"},"modified":"2021-10-30T07:27:22","modified_gmt":"2021-10-30T06:27:22","slug":"presidente-joao-lourenco-desloca-se-a-escocia-para-participar-da-cop-26","status":"publish","type":"post","link":"https:\/\/rna.ao\/rna.ao\/2021\/10\/30\/presidente-joao-lourenco-desloca-se-a-escocia-para-participar-da-cop-26\/","title":{"rendered":"Presidente Jo\u00e3o Louren\u00e7o desloca-se \u00e0 Esc\u00f3cia para participar da COP 26"},"content":{"rendered":"<p><img loading=\"lazy\" class=\"size-full wp-image-39688 alignleft\" src=\"https:\/\/rna.ao\/rna.ao\/wp-content\/uploads\/2021\/10\/Jlo-JLO-Jlo.jpg\" alt=\"\" width=\"241\" height=\"209\" \/>O Presidente da Rep\u00fablica, Jo\u00e3o Manuel Gon\u00e7alves Louren\u00e7o, viaja este s\u00e1bado, 30 de Outubro, para Glasgow, na Esc\u00f3cia, onde vai participar na Confer\u00eancia Mundial sobre o Clima. A Confer\u00eancia, denominada COP 26, que come\u00e7a no dia 01 de Novembro, \u00e9 um evento que vai juntar no mesmo espa\u00e7o l\u00edderes mundiais, e activistas ecol\u00f3gicos e ambientais. Segundo o porta-voz da Presid\u00eancia da Rep\u00fablica, Lu\u00eds Fernando, na Confer\u00eancia de Glasgow, o Chefe de estado angolano vai manter encontros separados, num claro exerc\u00edcio de diplomacia pol\u00edtico-econ\u00f3mica e ambiental. Clique no \u00e1udio e ou\u00e7a:<\/p>\n\t<div class=\"qtmplayer-playlist-large\">\n\t\t<ul class=\"qtmplayer-playlist\">\n\t\t\t\n\t\t\t\t\t<li class=\"qtmplayer-trackitem\">\n\t\t<img src=\"https:\/\/rna.ao\/rna.ao\/wp-content\/uploads\/2021\/10\/Jlo-JLO-Jlo-100x100.jpg\" alt=\"cover\">\t\t<span \t\t\tdata-qtmplayer-cover=\"https:\/\/rna.ao\/rna.ao\/wp-content\/uploads\/2021\/10\/Jlo-JLO-Jlo.jpg\"\n\t\t\t\t\t\tdata-qtmplayer-file=\"https:\/\/rna.ao\/rna.ao\/wp-content\/uploads\/2021\/10\/LUIS-FERNANDO-07HS.mp3\"\n\t\t\t\t\t\tdata-qtmplayer-title=\"Presidente Jo\u00e3o Louren\u00e7o desloca-se \u00e0 Esc\u00f3cia para participar da COP 26\"\n\t\t\t\t\t\tdata-qtmplayer-artist=\"RNA\"\n\t\t\t\t\t\tdata-qtmplayer-link=\"https:\/\/rna.ao\/rna.ao\/2021\/10\/30\/presidente-joao-lourenco-desloca-se-a-escocia-para-participar-da-cop-26\/\"\n\t\t\t\t\t\tdata-qtmplayer-icon=\"file_download\"\n\t\t\t\t\t\tdata-qtmplayer-type=\"track\"\n\t\t\t class=\"qtmplayer-play qtmplayer-link-sec qtmplayer-play-btn\"><i class='material-icons'>play_arrow<\/i><\/span>\n\t\t<p>\n\t\t\t<span class=\"qtmplayer-tit\">Presidente Jo\u00e3o Louren\u00e7o desloca-se \u00e0 Esc\u00f3cia para participar da COP 26<\/span>\n\t\t\t<span class=\"qtmplayer-art\">RNA<\/span>\n\t\t<\/p>\n\t<\/li>\n\t\t<\/ul>\n\t<\/div>\t\t\t\n\t\n<p>Fonte: RNA<\/p>\n","protected":false},"excerpt":{"rendered":"<p>O Presidente da Rep\u00fablica, Jo\u00e3o Manuel Gon\u00e7alves Louren\u00e7o, viaja este s\u00e1bado, 30 de Outubro, para Glasgow, na Esc\u00f3cia, onde vai participar na Confer\u00eancia Mundial sobre o Clima. A Confer\u00eancia, denominada COP 26, que come\u00e7a no dia 01 de Novembro, \u00e9 um evento que vai juntar no mesmo espa\u00e7o l\u00edderes mundiais, ...<\/p>\n","protected":false},"author":8,"featured_media":39688,"comment_status":"closed","ping_status":"closed","sticky":false,"template":"","format":"standard","meta":[],"categories":[121,163],"tags":[],"_links":{"self":[{"href":"https:\/\/rna.ao\/rna.ao\/wp-json\/wp\/v2\/posts\/41424"}],"collection":[{"href":"https:\/\/rna.ao\/rna.ao\/wp-json\/wp\/v2\/posts"}],"about":[{"href":"https:\/\/rna.ao\/rna.ao\/wp-json\/wp\/v2\/types\/post"}],"author":[{"embeddable":true,"href":"https:\/\/rna.ao\/rna.ao\/wp-json\/wp\/v2\/users\/8"}],"replies":[{"embeddable":true,"href":"https:\/\/rna.ao\/rna.ao\/wp-json\/wp\/v2\/comments?post=41424"}],"version-history":[{"count":1,"href":"https:\/\/rna.ao\/rna.ao\/wp-json\/wp\/v2\/posts\/41424\/revisions"}],"predecessor-version":[{"id":41426,"href":"https:\/\/rna.ao\/rna.ao\/wp-json\/wp\/v2\/posts\/41424\/revisions\/41426"}],"wp:featuredmedia":[{"embeddable":true,"href":"https:\/\/rna.ao\/rna.ao\/wp-json\/wp\/v2\/media\/39688"}],"wp:attachment":[{"href":"https:\/\/rna.ao\/rna.ao\/wp-json\/wp\/v2\/media?parent=41424"}],"wp:term":[{"taxonomy":"category","embeddable":true,"href":"https:\/\/rna.ao\/rna.ao\/wp-json\/wp\/v2\/categories?post=41424"},{"taxonomy":"post_tag","embeddable":true,"href":"https:\/\/rna.ao\/rna.ao\/wp-json\/wp\/v2\/tags?post=41424"}],"curies":[{"name":"wp","href":"https:\/\/api.w.org\/{rel}","templated":true}]}}