{"id":41421,"date":"2021-10-30T08:02:19","date_gmt":"2021-10-30T07:02:19","guid":{"rendered":"https:\/\/rna.ao\/rna.ao\/?p=41421"},"modified":"2021-10-30T08:02:19","modified_gmt":"2021-10-30T07:02:19","slug":"a-partir-de-amanha-certificado-de-vacinacao-passa-a-ser-obrigatorio-para-cidadaos-que-quiserem-ingressar-na-funcao-publica","status":"publish","type":"post","link":"https:\/\/rna.ao\/rna.ao\/2021\/10\/30\/a-partir-de-amanha-certificado-de-vacinacao-passa-a-ser-obrigatorio-para-cidadaos-que-quiserem-ingressar-na-funcao-publica\/","title":{"rendered":"A partir de amanh\u00e3 Certificado de Vacina\u00e7\u00e3o passa a ser obrigat\u00f3rio para cidad\u00e3os que quiserem ingressar na fun\u00e7\u00e3o p\u00fablica"},"content":{"rendered":"<p><img loading=\"lazy\" class=\"size-full wp-image-30895 alignleft\" src=\"https:\/\/rna.ao\/rna.ao\/wp-content\/uploads\/2021\/07\/Francisco-Pereira-Furtado.jpg\" alt=\"\" width=\"312\" height=\"208\" \/>O Novo Decreto Presidencial, sobre a Situa\u00e7\u00e3o de Calamidade P\u00fablica, j\u00e1 est\u00e1 actualizado e come\u00e7a a vigorar a partir\u00a0 das zero horas deste domingo, 31 de Outubro. O Coordenador da Comiss\u00e3o Multissectorial para a Preven\u00e7\u00e3o e Combate \u00e0 Covid-19, Francisco Pereira Furtado, revela que o Certificado de Vacina\u00e7\u00e3o passa a ser obrigat\u00f3rio, para os cidad\u00e3os que quiserem ingressar na fun\u00e7\u00e3o p\u00fablica. Ou\u00e7a, no \u00e1udio abaixo, o jornalista Daniel Marques com mais dados:<\/p>\n\t<div class=\"qtmplayer-playlist-large\">\n\t\t<ul class=\"qtmplayer-playlist\">\n\t\t\t\n\t\t\t\t\t<li class=\"qtmplayer-trackitem\">\n\t\t<img src=\"https:\/\/rna.ao\/rna.ao\/wp-content\/uploads\/2021\/08\/Certificado-Digital-Covid-19-100x100.jpg\" alt=\"cover\">\t\t<span \t\t\tdata-qtmplayer-cover=\"https:\/\/rna.ao\/rna.ao\/wp-content\/uploads\/2021\/08\/Certificado-Digital-Covid-19.jpg\"\n\t\t\t\t\t\tdata-qtmplayer-file=\"https:\/\/rna.ao\/rna.ao\/wp-content\/uploads\/2021\/10\/DANIEL-MARQUES-07-HRS.mp3\"\n\t\t\t\t\t\tdata-qtmplayer-title=\"A partir de amanh\u00e3 Certificado de Vacina\u00e7\u00e3o passa a ser obrigat\u00f3rio para cidad\u00e3os que quiserem ingressar na fun\u00e7\u00e3o p\u00fablica\"\n\t\t\t\t\t\tdata-qtmplayer-artist=\"RNA\"\n\t\t\t\t\t\tdata-qtmplayer-link=\"https:\/\/rna.ao\/rna.ao\/2021\/10\/30\/a-partir-de-amanha-certificado-de-vacinacao-passa-a-ser-obrigatorio-para-cidadaos-que-quiserem-ingressar-na-funcao-publica\/\"\n\t\t\t\t\t\tdata-qtmplayer-icon=\"file_download\"\n\t\t\t\t\t\tdata-qtmplayer-type=\"track\"\n\t\t\t class=\"qtmplayer-play qtmplayer-link-sec qtmplayer-play-btn\"><i class='material-icons'>play_arrow<\/i><\/span>\n\t\t<p>\n\t\t\t<span class=\"qtmplayer-tit\">A partir de amanh\u00e3 Certificado de Vacina\u00e7\u00e3o passa a ser obrigat\u00f3rio para cidad\u00e3os que quiserem ingressar na fun\u00e7\u00e3o p\u00fablica<\/span>\n\t\t\t<span class=\"qtmplayer-art\">RNA<\/span>\n\t\t<\/p>\n\t<\/li>\n\t\t<\/ul>\n\t<\/div>\t\t\t\n\t\n<p>Fonte: RNA<\/p>\n","protected":false},"excerpt":{"rendered":"<p>O Novo Decreto Presidencial, sobre a Situa\u00e7\u00e3o de Calamidade P\u00fablica, j\u00e1 est\u00e1 actualizado e come\u00e7a a vigorar a partir\u00a0 das zero horas deste domingo, 31 de Outubro. O Coordenador da Comiss\u00e3o Multissectorial para a Preven\u00e7\u00e3o e Combate \u00e0 Covid-19, Francisco Pereira Furtado, revela que o Certificado de Vacina\u00e7\u00e3o passa a ...<\/p>\n","protected":false},"author":8,"featured_media":35210,"comment_status":"closed","ping_status":"closed","sticky":false,"template":"","format":"standard","meta":[],"categories":[121,163],"tags":[],"_links":{"self":[{"href":"https:\/\/rna.ao\/rna.ao\/wp-json\/wp\/v2\/posts\/41421"}],"collection":[{"href":"https:\/\/rna.ao\/rna.ao\/wp-json\/wp\/v2\/posts"}],"about":[{"href":"https:\/\/rna.ao\/rna.ao\/wp-json\/wp\/v2\/types\/post"}],"author":[{"embeddable":true,"href":"https:\/\/rna.ao\/rna.ao\/wp-json\/wp\/v2\/users\/8"}],"replies":[{"embeddable":true,"href":"https:\/\/rna.ao\/rna.ao\/wp-json\/wp\/v2\/comments?post=41421"}],"version-history":[{"count":1,"href":"https:\/\/rna.ao\/rna.ao\/wp-json\/wp\/v2\/posts\/41421\/revisions"}],"predecessor-version":[{"id":41442,"href":"https:\/\/rna.ao\/rna.ao\/wp-json\/wp\/v2\/posts\/41421\/revisions\/41442"}],"wp:featuredmedia":[{"embeddable":true,"href":"https:\/\/rna.ao\/rna.ao\/wp-json\/wp\/v2\/media\/35210"}],"wp:attachment":[{"href":"https:\/\/rna.ao\/rna.ao\/wp-json\/wp\/v2\/media?parent=41421"}],"wp:term":[{"taxonomy":"category","embeddable":true,"href":"https:\/\/rna.ao\/rna.ao\/wp-json\/wp\/v2\/categories?post=41421"},{"taxonomy":"post_tag","embeddable":true,"href":"https:\/\/rna.ao\/rna.ao\/wp-json\/wp\/v2\/tags?post=41421"}],"curies":[{"name":"wp","href":"https:\/\/api.w.org\/{rel}","templated":true}]}}