{"id":41420,"date":"2021-10-30T07:23:42","date_gmt":"2021-10-30T06:23:42","guid":{"rendered":"https:\/\/rna.ao\/rna.ao\/?p=41420"},"modified":"2021-10-30T07:37:56","modified_gmt":"2021-10-30T06:37:56","slug":"acionistas-do-banco-economico-indisponiveis-para-recapitalizar-a-instituicao-bancaria","status":"publish","type":"post","link":"https:\/\/rna.ao\/rna.ao\/2021\/10\/30\/acionistas-do-banco-economico-indisponiveis-para-recapitalizar-a-instituicao-bancaria\/","title":{"rendered":"Acionistas do Banco Econ\u00f3mico indispon\u00edveis para recapitalizar a institui\u00e7\u00e3o banc\u00e1ria"},"content":{"rendered":"<p><img loading=\"lazy\" class=\"size-full wp-image-27614 alignleft\" src=\"https:\/\/rna.ao\/rna.ao\/wp-content\/uploads\/2021\/06\/Jose-de-Lima-Massano.jpg\" alt=\"\" width=\"312\" height=\"224\" \/>Acionistas do Banco Econ\u00f3mico t\u00eam, pelo menos, 22 dias para fazerem o aumento de capital no valor de 1,1bilh\u00f5es de Kwanzas. O Banco, que est\u00e1 em dificuldade financeira, \u00e9 obrigado tamb\u00e9m a apresentar com urg\u00eancia ao BNA, entidade reguladora do sistema financeiro, um plano de reestrutura\u00e7\u00e3o. Clique, no \u00e1udio abaixo, e saiba mais com o jornalista Francisco Pedro:<\/p>\n\t<div class=\"qtmplayer-playlist-large\">\n\t\t<ul class=\"qtmplayer-playlist\">\n\t\t\t\n\t\t\t\t\t<li class=\"qtmplayer-trackitem\">\n\t\t<img src=\"https:\/\/rna.ao\/rna.ao\/wp-content\/uploads\/2021\/06\/Jose-de-Lima-Massano-100x100.jpg\" alt=\"cover\">\t\t<span \t\t\tdata-qtmplayer-cover=\"https:\/\/rna.ao\/rna.ao\/wp-content\/uploads\/2021\/06\/Jose-de-Lima-Massano.jpg\"\n\t\t\t\t\t\tdata-qtmplayer-file=\"https:\/\/rna.ao\/rna.ao\/wp-content\/uploads\/2021\/10\/FRANCISCO-PEDRO-07HS.mp3\"\n\t\t\t\t\t\tdata-qtmplayer-title=\"Acionistas do Banco Econ\u00f3mico indispon\u00edveis para recapitalizar a institui\u00e7\u00e3o banc\u00e1ria\"\n\t\t\t\t\t\tdata-qtmplayer-artist=\"RNA\"\n\t\t\t\t\t\tdata-qtmplayer-link=\"https:\/\/rna.ao\/rna.ao\/2021\/10\/30\/acionistas-do-banco-economico-indisponiveis-para-recapitalizar-a-instituicao-bancaria\/\"\n\t\t\t\t\t\tdata-qtmplayer-icon=\"file_download\"\n\t\t\t\t\t\tdata-qtmplayer-type=\"track\"\n\t\t\t class=\"qtmplayer-play qtmplayer-link-sec qtmplayer-play-btn\"><i class='material-icons'>play_arrow<\/i><\/span>\n\t\t<p>\n\t\t\t<span class=\"qtmplayer-tit\">Acionistas do Banco Econ\u00f3mico indispon\u00edveis para recapitalizar a institui\u00e7\u00e3o banc\u00e1ria<\/span>\n\t\t\t<span class=\"qtmplayer-art\">RNA<\/span>\n\t\t<\/p>\n\t<\/li>\n\t\t<\/ul>\n\t<\/div>\t\t\t\n\t\n<p>Fonte: RNA<\/p>\n","protected":false},"excerpt":{"rendered":"<p>Acionistas do Banco Econ\u00f3mico t\u00eam, pelo menos, 22 dias para fazerem o aumento de capital no valor de 1,1bilh\u00f5es de Kwanzas. O Banco, que est\u00e1 em dificuldade financeira, \u00e9 obrigado tamb\u00e9m a apresentar com urg\u00eancia ao BNA, entidade reguladora do sistema financeiro, um plano de reestrutura\u00e7\u00e3o. Clique, no \u00e1udio abaixo, ...<\/p>\n","protected":false},"author":8,"featured_media":27614,"comment_status":"closed","ping_status":"closed","sticky":false,"template":"","format":"standard","meta":[],"categories":[121,163],"tags":[],"_links":{"self":[{"href":"https:\/\/rna.ao\/rna.ao\/wp-json\/wp\/v2\/posts\/41420"}],"collection":[{"href":"https:\/\/rna.ao\/rna.ao\/wp-json\/wp\/v2\/posts"}],"about":[{"href":"https:\/\/rna.ao\/rna.ao\/wp-json\/wp\/v2\/types\/post"}],"author":[{"embeddable":true,"href":"https:\/\/rna.ao\/rna.ao\/wp-json\/wp\/v2\/users\/8"}],"replies":[{"embeddable":true,"href":"https:\/\/rna.ao\/rna.ao\/wp-json\/wp\/v2\/comments?post=41420"}],"version-history":[{"count":1,"href":"https:\/\/rna.ao\/rna.ao\/wp-json\/wp\/v2\/posts\/41420\/revisions"}],"predecessor-version":[{"id":41431,"href":"https:\/\/rna.ao\/rna.ao\/wp-json\/wp\/v2\/posts\/41420\/revisions\/41431"}],"wp:featuredmedia":[{"embeddable":true,"href":"https:\/\/rna.ao\/rna.ao\/wp-json\/wp\/v2\/media\/27614"}],"wp:attachment":[{"href":"https:\/\/rna.ao\/rna.ao\/wp-json\/wp\/v2\/media?parent=41420"}],"wp:term":[{"taxonomy":"category","embeddable":true,"href":"https:\/\/rna.ao\/rna.ao\/wp-json\/wp\/v2\/categories?post=41420"},{"taxonomy":"post_tag","embeddable":true,"href":"https:\/\/rna.ao\/rna.ao\/wp-json\/wp\/v2\/tags?post=41420"}],"curies":[{"name":"wp","href":"https:\/\/api.w.org\/{rel}","templated":true}]}}