{"id":41409,"date":"2021-10-29T14:19:24","date_gmt":"2021-10-29T13:19:24","guid":{"rendered":"https:\/\/rna.ao\/rna.ao\/?p=41409"},"modified":"2021-10-29T14:19:24","modified_gmt":"2021-10-29T13:19:24","slug":"economistas-sustentam-que-o-proximo-oge-deve-dar-maior-expressao-ao-sector-produtivo","status":"publish","type":"post","link":"https:\/\/rna.ao\/rna.ao\/2021\/10\/29\/economistas-sustentam-que-o-proximo-oge-deve-dar-maior-expressao-ao-sector-produtivo\/","title":{"rendered":"Economistas sustentam que o pr\u00f3ximo OGE deve dar maior express\u00e3o ao sector produtivo"},"content":{"rendered":"<p><img loading=\"lazy\" class=\"size-full wp-image-21230 alignleft\" src=\"https:\/\/rna.ao\/rna.ao\/wp-content\/uploads\/2021\/04\/economia-calculadora-dinheiro.jpg\" alt=\"\" width=\"256\" height=\"160\" \/>O Executivo decidiu reduzir a taxa do IVA de 14 para 7 por cento. O Executivo justifica a medida \u00e0 necessidade de se aumentar a oferta de bens essenciais de amplo consumo, respetivos fatores de produ\u00e7\u00e3o e ampliar o poder aquisitivo das fam\u00edlias. Entretanto, a AIA congratula-se com a decis\u00e3o do executivo, e diz que o valor vai de encontro \u00e0 proposta que sempre defenderam, segundo o seu presidente Jos\u00e9 Severino. Clique no \u00e1udio e ou\u00e7a:<\/p>\n\t<div class=\"qtmplayer-playlist-large\">\n\t\t<ul class=\"qtmplayer-playlist\">\n\t\t\t\n\t\t\t\t\t<li class=\"qtmplayer-trackitem\">\n\t\t<img src=\"https:\/\/rna.ao\/rna.ao\/wp-content\/uploads\/2020\/10\/economia-crescimento-100x100.jpg\" alt=\"cover\">\t\t<span \t\t\tdata-qtmplayer-cover=\"https:\/\/rna.ao\/rna.ao\/wp-content\/uploads\/2020\/10\/economia-crescimento-370x370.jpg\"\n\t\t\t\t\t\tdata-qtmplayer-file=\"https:\/\/rna.ao\/rna.ao\/wp-content\/uploads\/2021\/10\/JOSE-SEVERINO-1-13HRS.mp3\"\n\t\t\t\t\t\tdata-qtmplayer-title=\"Economistas sustentam que o pr\u00f3ximo OGE deve dar maior express\u00e3o ao sector produtivo\"\n\t\t\t\t\t\tdata-qtmplayer-artist=\"RNA\"\n\t\t\t\t\t\tdata-qtmplayer-link=\"https:\/\/rna.ao\/rna.ao\/2021\/10\/29\/economistas-sustentam-que-o-proximo-oge-deve-dar-maior-expressao-ao-sector-produtivo\/\"\n\t\t\t\t\t\tdata-qtmplayer-icon=\"file_download\"\n\t\t\t\t\t\tdata-qtmplayer-type=\"track\"\n\t\t\t class=\"qtmplayer-play qtmplayer-link-sec qtmplayer-play-btn\"><i class='material-icons'>play_arrow<\/i><\/span>\n\t\t<p>\n\t\t\t<span class=\"qtmplayer-tit\">Economistas sustentam que o pr\u00f3ximo OGE deve dar maior express\u00e3o ao sector produtivo<\/span>\n\t\t\t<span class=\"qtmplayer-art\">RNA<\/span>\n\t\t<\/p>\n\t<\/li>\n\t\t<\/ul>\n\t<\/div>\t\t\t\n\t\n<p>Jos\u00e9 Severino avan\u00e7a, igualmente, que a redu\u00e7\u00e3o da taxa de juro do IVA vai ajudar, n\u00e3o s\u00f3 a popula\u00e7\u00e3o, como tamb\u00e9m as empresas que atravessam in\u00fameras dificuldades de tesouraria. Clique no \u00e1udio e ou\u00e7a:<\/p>\n\t<div class=\"qtmplayer-playlist-large\">\n\t\t<ul class=\"qtmplayer-playlist\">\n\t\t\t\n\t\t\t\t\t<li class=\"qtmplayer-trackitem\">\n\t\t<img src=\"https:\/\/rna.ao\/rna.ao\/wp-content\/uploads\/2020\/10\/economia-crescimento-100x100.jpg\" alt=\"cover\">\t\t<span \t\t\tdata-qtmplayer-cover=\"https:\/\/rna.ao\/rna.ao\/wp-content\/uploads\/2020\/10\/economia-crescimento-370x370.jpg\"\n\t\t\t\t\t\tdata-qtmplayer-file=\"https:\/\/rna.ao\/rna.ao\/wp-content\/uploads\/2021\/10\/JOSE-SEVERINO-2-13HRS.mp3\"\n\t\t\t\t\t\tdata-qtmplayer-title=\"Economistas sustentam que o pr\u00f3ximo OGE deve dar maior express\u00e3o ao sector produtivo\"\n\t\t\t\t\t\tdata-qtmplayer-artist=\"RNA\"\n\t\t\t\t\t\tdata-qtmplayer-link=\"https:\/\/rna.ao\/rna.ao\/2021\/10\/29\/economistas-sustentam-que-o-proximo-oge-deve-dar-maior-expressao-ao-sector-produtivo\/\"\n\t\t\t\t\t\tdata-qtmplayer-icon=\"file_download\"\n\t\t\t\t\t\tdata-qtmplayer-type=\"track\"\n\t\t\t class=\"qtmplayer-play qtmplayer-link-sec qtmplayer-play-btn\"><i class='material-icons'>play_arrow<\/i><\/span>\n\t\t<p>\n\t\t\t<span class=\"qtmplayer-tit\">Economistas sustentam que o pr\u00f3ximo OGE deve dar maior express\u00e3o ao sector produtivo<\/span>\n\t\t\t<span class=\"qtmplayer-art\">RNA<\/span>\n\t\t<\/p>\n\t<\/li>\n\t\t<\/ul>\n\t<\/div>\t\t\t\n\t\n<p>E algumas vozes defendem, que a descida do IVA se aproxima mais a actual realidade, al\u00e9m de diminuir a press\u00e3o sobre os pre\u00e7os. Ou\u00e7a, no \u00e1udio abaixo, o jornalista Ant\u00f3nio Capapa com mais detalhes:<\/p>\n\t<div class=\"qtmplayer-playlist-large\">\n\t\t<ul class=\"qtmplayer-playlist\">\n\t\t\t\n\t\t\t\t\t<li class=\"qtmplayer-trackitem\">\n\t\t<img src=\"https:\/\/rna.ao\/rna.ao\/wp-content\/uploads\/2020\/10\/economia-crescimento-100x100.jpg\" alt=\"cover\">\t\t<span \t\t\tdata-qtmplayer-cover=\"https:\/\/rna.ao\/rna.ao\/wp-content\/uploads\/2020\/10\/economia-crescimento-370x370.jpg\"\n\t\t\t\t\t\tdata-qtmplayer-file=\"https:\/\/rna.ao\/rna.ao\/wp-content\/uploads\/2021\/10\/ANTONIO-CAPAPA-IVA-13HRS.mp3\"\n\t\t\t\t\t\tdata-qtmplayer-title=\"Economistas sustentam que o pr\u00f3ximo OGE deve dar maior express\u00e3o ao sector produtivo\"\n\t\t\t\t\t\tdata-qtmplayer-artist=\"RNA\"\n\t\t\t\t\t\tdata-qtmplayer-link=\"https:\/\/rna.ao\/rna.ao\/2021\/10\/29\/economistas-sustentam-que-o-proximo-oge-deve-dar-maior-expressao-ao-sector-produtivo\/\"\n\t\t\t\t\t\tdata-qtmplayer-icon=\"file_download\"\n\t\t\t\t\t\tdata-qtmplayer-type=\"track\"\n\t\t\t class=\"qtmplayer-play qtmplayer-link-sec qtmplayer-play-btn\"><i class='material-icons'>play_arrow<\/i><\/span>\n\t\t<p>\n\t\t\t<span class=\"qtmplayer-tit\">Economistas sustentam que o pr\u00f3ximo OGE deve dar maior express\u00e3o ao sector produtivo<\/span>\n\t\t\t<span class=\"qtmplayer-art\">RNA<\/span>\n\t\t<\/p>\n\t<\/li>\n\t\t<\/ul>\n\t<\/div>\t\t\t\n\t\n<p>O economista Daniel Sapateiro entende, que se trata de uma medida acertada, mas que precisa ser melhor esclarecida, face algumas nuances que existem \u00e0 volta desta tem\u00e1tica. Clique no \u00e1udio e ou\u00e7a:<\/p>\n\t<div class=\"qtmplayer-playlist-large\">\n\t\t<ul class=\"qtmplayer-playlist\">\n\t\t\t\n\t\t\t\t\t<li class=\"qtmplayer-trackitem\">\n\t\t<img src=\"https:\/\/rna.ao\/rna.ao\/wp-content\/uploads\/2020\/10\/economia-crescimento-100x100.jpg\" alt=\"cover\">\t\t<span \t\t\tdata-qtmplayer-cover=\"https:\/\/rna.ao\/rna.ao\/wp-content\/uploads\/2020\/10\/economia-crescimento-370x370.jpg\"\n\t\t\t\t\t\tdata-qtmplayer-file=\"https:\/\/rna.ao\/rna.ao\/wp-content\/uploads\/2021\/10\/DANIEL-SAPATEIRO-13HRS.mp3\"\n\t\t\t\t\t\tdata-qtmplayer-title=\"Economistas sustentam que o pr\u00f3ximo OGE deve dar maior express\u00e3o ao sector produtivo\"\n\t\t\t\t\t\tdata-qtmplayer-artist=\"RNA\"\n\t\t\t\t\t\tdata-qtmplayer-link=\"https:\/\/rna.ao\/rna.ao\/2021\/10\/29\/economistas-sustentam-que-o-proximo-oge-deve-dar-maior-expressao-ao-sector-produtivo\/\"\n\t\t\t\t\t\tdata-qtmplayer-icon=\"file_download\"\n\t\t\t\t\t\tdata-qtmplayer-type=\"track\"\n\t\t\t class=\"qtmplayer-play qtmplayer-link-sec qtmplayer-play-btn\"><i class='material-icons'>play_arrow<\/i><\/span>\n\t\t<p>\n\t\t\t<span class=\"qtmplayer-tit\">Economistas sustentam que o pr\u00f3ximo OGE deve dar maior express\u00e3o ao sector produtivo<\/span>\n\t\t\t<span class=\"qtmplayer-art\">RNA<\/span>\n\t\t<\/p>\n\t<\/li>\n\t\t<\/ul>\n\t<\/div>\t\t\t\n\t\n<p>Entretanto, o economista Afonso Malaca entende, que a aposta no sector produtivo deve ser prioridades, no pr\u00f3ximo Or\u00e7amento. Clique no \u00e1udio e ou\u00e7a:<\/p>\n\t<div class=\"qtmplayer-playlist-large\">\n\t\t<ul class=\"qtmplayer-playlist\">\n\t\t\t\n\t\t\t\t\t<li class=\"qtmplayer-trackitem\">\n\t\t<img src=\"https:\/\/rna.ao\/rna.ao\/wp-content\/uploads\/2020\/10\/economia-crescimento-100x100.jpg\" alt=\"cover\">\t\t<span \t\t\tdata-qtmplayer-cover=\"https:\/\/rna.ao\/rna.ao\/wp-content\/uploads\/2020\/10\/economia-crescimento-370x370.jpg\"\n\t\t\t\t\t\tdata-qtmplayer-file=\"https:\/\/rna.ao\/rna.ao\/wp-content\/uploads\/2021\/10\/AFONSO-MALACA-08HRS.mp3\"\n\t\t\t\t\t\tdata-qtmplayer-title=\"Economistas sustentam que o pr\u00f3ximo OGE deve dar maior express\u00e3o ao sector produtivo\"\n\t\t\t\t\t\tdata-qtmplayer-artist=\"RNA\"\n\t\t\t\t\t\tdata-qtmplayer-link=\"https:\/\/rna.ao\/rna.ao\/2021\/10\/29\/economistas-sustentam-que-o-proximo-oge-deve-dar-maior-expressao-ao-sector-produtivo\/\"\n\t\t\t\t\t\tdata-qtmplayer-icon=\"file_download\"\n\t\t\t\t\t\tdata-qtmplayer-type=\"track\"\n\t\t\t class=\"qtmplayer-play qtmplayer-link-sec qtmplayer-play-btn\"><i class='material-icons'>play_arrow<\/i><\/span>\n\t\t<p>\n\t\t\t<span class=\"qtmplayer-tit\">Economistas sustentam que o pr\u00f3ximo OGE deve dar maior express\u00e3o ao sector produtivo<\/span>\n\t\t\t<span class=\"qtmplayer-art\">RNA<\/span>\n\t\t<\/p>\n\t<\/li>\n\t\t<\/ul>\n\t<\/div>\t\t\t\n\t\n<p>E o tamb\u00e9m economista, M\u00e1rio Bernardo, diz que os pressupostos avan\u00e7ados, sobre a proposta de Or\u00e7amento, para 2022, n\u00e3o s\u00e3o muito claros para se fazer uma avalia\u00e7\u00e3o concreta.\u00a0 Mas, M\u00e1rio Bernardo afirma, que face \u00e0 ambi\u00e7\u00e3o da diversifica\u00e7\u00e3o da nossa economia, o pr\u00f3ximo Or\u00e7amento deve continuar a privilegiar a\u00e7\u00f5es que dinamizem o sector produtivo. Clique no \u00e1udio e ou\u00e7a:<\/p>\n\t<div class=\"qtmplayer-playlist-large\">\n\t\t<ul class=\"qtmplayer-playlist\">\n\t\t\t\n\t\t\t\t\t<li class=\"qtmplayer-trackitem\">\n\t\t<img src=\"https:\/\/rna.ao\/rna.ao\/wp-content\/uploads\/2020\/10\/economia-crescimento-100x100.jpg\" alt=\"cover\">\t\t<span \t\t\tdata-qtmplayer-cover=\"https:\/\/rna.ao\/rna.ao\/wp-content\/uploads\/2020\/10\/economia-crescimento-370x370.jpg\"\n\t\t\t\t\t\tdata-qtmplayer-file=\"https:\/\/rna.ao\/rna.ao\/wp-content\/uploads\/2021\/10\/MARIO-BERNARDO-13HRS.mp3\"\n\t\t\t\t\t\tdata-qtmplayer-title=\"Economistas sustentam que o pr\u00f3ximo OGE deve dar maior express\u00e3o ao sector produtivo\"\n\t\t\t\t\t\tdata-qtmplayer-artist=\"RNA\"\n\t\t\t\t\t\tdata-qtmplayer-link=\"https:\/\/rna.ao\/rna.ao\/2021\/10\/29\/economistas-sustentam-que-o-proximo-oge-deve-dar-maior-expressao-ao-sector-produtivo\/\"\n\t\t\t\t\t\tdata-qtmplayer-icon=\"file_download\"\n\t\t\t\t\t\tdata-qtmplayer-type=\"track\"\n\t\t\t class=\"qtmplayer-play qtmplayer-link-sec qtmplayer-play-btn\"><i class='material-icons'>play_arrow<\/i><\/span>\n\t\t<p>\n\t\t\t<span class=\"qtmplayer-tit\">Economistas sustentam que o pr\u00f3ximo OGE deve dar maior express\u00e3o ao sector produtivo<\/span>\n\t\t\t<span class=\"qtmplayer-art\">RNA<\/span>\n\t\t<\/p>\n\t<\/li>\n\t\t<\/ul>\n\t<\/div>\t\t\t\n\t\n<p>Fonte: RNA<\/p>\n","protected":false},"excerpt":{"rendered":"<p>O Executivo decidiu reduzir a taxa do IVA de 14 para 7 por cento. O Executivo justifica a medida \u00e0 necessidade de se aumentar a oferta de bens essenciais de amplo consumo, respetivos fatores de produ\u00e7\u00e3o e ampliar o poder aquisitivo das fam\u00edlias. Entretanto, a AIA congratula-se com a decis\u00e3o ...<\/p>\n","protected":false},"author":8,"featured_media":9640,"comment_status":"closed","ping_status":"closed","sticky":false,"template":"","format":"standard","meta":[],"categories":[121,163],"tags":[],"_links":{"self":[{"href":"https:\/\/rna.ao\/rna.ao\/wp-json\/wp\/v2\/posts\/41409"}],"collection":[{"href":"https:\/\/rna.ao\/rna.ao\/wp-json\/wp\/v2\/posts"}],"about":[{"href":"https:\/\/rna.ao\/rna.ao\/wp-json\/wp\/v2\/types\/post"}],"author":[{"embeddable":true,"href":"https:\/\/rna.ao\/rna.ao\/wp-json\/wp\/v2\/users\/8"}],"replies":[{"embeddable":true,"href":"https:\/\/rna.ao\/rna.ao\/wp-json\/wp\/v2\/comments?post=41409"}],"version-history":[{"count":1,"href":"https:\/\/rna.ao\/rna.ao\/wp-json\/wp\/v2\/posts\/41409\/revisions"}],"predecessor-version":[{"id":41417,"href":"https:\/\/rna.ao\/rna.ao\/wp-json\/wp\/v2\/posts\/41409\/revisions\/41417"}],"wp:featuredmedia":[{"embeddable":true,"href":"https:\/\/rna.ao\/rna.ao\/wp-json\/wp\/v2\/media\/9640"}],"wp:attachment":[{"href":"https:\/\/rna.ao\/rna.ao\/wp-json\/wp\/v2\/media?parent=41409"}],"wp:term":[{"taxonomy":"category","embeddable":true,"href":"https:\/\/rna.ao\/rna.ao\/wp-json\/wp\/v2\/categories?post=41409"},{"taxonomy":"post_tag","embeddable":true,"href":"https:\/\/rna.ao\/rna.ao\/wp-json\/wp\/v2\/tags?post=41409"}],"curies":[{"name":"wp","href":"https:\/\/api.w.org\/{rel}","templated":true}]}}