{"id":41393,"date":"2021-10-29T13:20:55","date_gmt":"2021-10-29T12:20:55","guid":{"rendered":"https:\/\/rna.ao\/rna.ao\/?p=41393"},"modified":"2021-10-30T08:53:18","modified_gmt":"2021-10-30T07:53:18","slug":"tres-supostos-fiscais-da-administracao-de-viana-detidos-por-extorsao-as-cantinas-do-municipio","status":"publish","type":"post","link":"https:\/\/rna.ao\/rna.ao\/2021\/10\/29\/tres-supostos-fiscais-da-administracao-de-viana-detidos-por-extorsao-as-cantinas-do-municipio\/","title":{"rendered":"Tr\u00eas supostos fiscais da Administra\u00e7\u00e3o de Viana detidos por extors\u00e3o \u00e0s cantinas do Munic\u00edpio"},"content":{"rendered":"<p><img loading=\"lazy\" class=\"size-full wp-image-16558 alignleft\" src=\"https:\/\/rna.ao\/rna.ao\/wp-content\/uploads\/2021\/02\/Algemas-03-02.jpg\" alt=\"\" width=\"314\" height=\"210\" \/>Tr\u00eas supostos funcion\u00e1rios da Administra\u00e7\u00e3o Municipal de Viana foram detidos, pela Pol\u00edcia Nacional, quando cobravam dinheiro aos propriet\u00e1rios das cantinas. Segundo a Administra\u00e7\u00e3o, os funcion\u00e1rios j\u00e1 estavam suspensos da actividade h\u00e1 mais de dois meses, pelo mesmo crime. Clique, no \u00e1udio abaixo, e saiba mais na reportagem do Polaco Pedro:<\/p>\n\t<div class=\"qtmplayer-playlist-large\">\n\t\t<ul class=\"qtmplayer-playlist\">\n\t\t\t\n\t\t\t\t\t<li class=\"qtmplayer-trackitem\">\n\t\t<img src=\"https:\/\/rna.ao\/rna.ao\/wp-content\/uploads\/2021\/02\/Algemas-03-02-100x100.jpg\" alt=\"cover\">\t\t<span \t\t\tdata-qtmplayer-cover=\"https:\/\/rna.ao\/rna.ao\/wp-content\/uploads\/2021\/02\/Algemas-03-02.jpg\"\n\t\t\t\t\t\tdata-qtmplayer-file=\"https:\/\/rna.ao\/rna.ao\/wp-content\/uploads\/2021\/10\/POLACO-PEDRO-DENTECAO-DE-FISCAIS-DA-ADMINISTRACAO-DE-VIANA-13HRS.mp3\"\n\t\t\t\t\t\tdata-qtmplayer-title=\"Tr\u00eas supostos fiscais da Administra\u00e7\u00e3o de Viana detidos por extors\u00e3o \u00e0s cantinas do Munic\u00edpio\"\n\t\t\t\t\t\tdata-qtmplayer-artist=\"RNA\"\n\t\t\t\t\t\tdata-qtmplayer-link=\"https:\/\/rna.ao\/rna.ao\/2021\/10\/29\/tres-supostos-fiscais-da-administracao-de-viana-detidos-por-extorsao-as-cantinas-do-municipio\/\"\n\t\t\t\t\t\tdata-qtmplayer-icon=\"file_download\"\n\t\t\t\t\t\tdata-qtmplayer-type=\"track\"\n\t\t\t class=\"qtmplayer-play qtmplayer-link-sec qtmplayer-play-btn\"><i class='material-icons'>play_arrow<\/i><\/span>\n\t\t<p>\n\t\t\t<span class=\"qtmplayer-tit\">Tr\u00eas supostos fiscais da Administra\u00e7\u00e3o de Viana detidos por extors\u00e3o \u00e0s cantinas do Munic\u00edpio<\/span>\n\t\t\t<span class=\"qtmplayer-art\">RNA<\/span>\n\t\t<\/p>\n\t<\/li>\n\t\t<\/ul>\n\t<\/div>\t\t\t\n\t\n<p>Fonte: RNA<\/p>\n","protected":false},"excerpt":{"rendered":"<p>Tr\u00eas supostos funcion\u00e1rios da Administra\u00e7\u00e3o Municipal de Viana foram detidos, pela Pol\u00edcia Nacional, quando cobravam dinheiro aos propriet\u00e1rios das cantinas. Segundo a Administra\u00e7\u00e3o, os funcion\u00e1rios j\u00e1 estavam suspensos da actividade h\u00e1 mais de dois meses, pelo mesmo crime. Clique, no \u00e1udio abaixo, e saiba mais na reportagem do Polaco Pedro: ...<\/p>\n","protected":false},"author":8,"featured_media":16558,"comment_status":"closed","ping_status":"closed","sticky":false,"template":"","format":"standard","meta":[],"categories":[141,133,164,163],"tags":[],"_links":{"self":[{"href":"https:\/\/rna.ao\/rna.ao\/wp-json\/wp\/v2\/posts\/41393"}],"collection":[{"href":"https:\/\/rna.ao\/rna.ao\/wp-json\/wp\/v2\/posts"}],"about":[{"href":"https:\/\/rna.ao\/rna.ao\/wp-json\/wp\/v2\/types\/post"}],"author":[{"embeddable":true,"href":"https:\/\/rna.ao\/rna.ao\/wp-json\/wp\/v2\/users\/8"}],"replies":[{"embeddable":true,"href":"https:\/\/rna.ao\/rna.ao\/wp-json\/wp\/v2\/comments?post=41393"}],"version-history":[{"count":1,"href":"https:\/\/rna.ao\/rna.ao\/wp-json\/wp\/v2\/posts\/41393\/revisions"}],"predecessor-version":[{"id":41397,"href":"https:\/\/rna.ao\/rna.ao\/wp-json\/wp\/v2\/posts\/41393\/revisions\/41397"}],"wp:featuredmedia":[{"embeddable":true,"href":"https:\/\/rna.ao\/rna.ao\/wp-json\/wp\/v2\/media\/16558"}],"wp:attachment":[{"href":"https:\/\/rna.ao\/rna.ao\/wp-json\/wp\/v2\/media?parent=41393"}],"wp:term":[{"taxonomy":"category","embeddable":true,"href":"https:\/\/rna.ao\/rna.ao\/wp-json\/wp\/v2\/categories?post=41393"},{"taxonomy":"post_tag","embeddable":true,"href":"https:\/\/rna.ao\/rna.ao\/wp-json\/wp\/v2\/tags?post=41393"}],"curies":[{"name":"wp","href":"https:\/\/api.w.org\/{rel}","templated":true}]}}