{"id":41388,"date":"2021-10-29T13:08:00","date_gmt":"2021-10-29T12:08:00","guid":{"rendered":"https:\/\/rna.ao\/rna.ao\/?p=41388"},"modified":"2021-10-29T13:08:00","modified_gmt":"2021-10-29T12:08:00","slug":"comboios-do-cfl-voltam-a-ligar-as-provincias-do-cuanza-norte-e-malanje-a-partir-de-01-de-novembro","status":"publish","type":"post","link":"https:\/\/rna.ao\/rna.ao\/2021\/10\/29\/comboios-do-cfl-voltam-a-ligar-as-provincias-do-cuanza-norte-e-malanje-a-partir-de-01-de-novembro\/","title":{"rendered":"Comboios do CFL voltam a ligar as Prov\u00edncias do Cuanza-Norte e Malanje a partir de 01 de Novembro"},"content":{"rendered":"<p><img loading=\"lazy\" class=\"size-full wp-image-10461 alignleft\" src=\"https:\/\/rna.ao\/rna.ao\/wp-content\/uploads\/2020\/11\/Augusto-Osorio-CFL.jpg\" alt=\"\" width=\"405\" height=\"218\" \/>Vinte meses depois da paralisa\u00e7\u00e3o, devido \u00e0 Covid-19, retoma na segunda-feira, 01 de Novembro, o servi\u00e7o de transporte de passageiros, atrav\u00e9s do comboio do Caminho-de-Ferro de Luanda (CFL), para as Prov\u00edncias de Malanje e Cuanza-Norte. De acordo com o porta-voz dos CFL, Augusto Os\u00f3rio, ser\u00e3o realizadas tr\u00eas frequ\u00eancias semanais. Clique no \u00e1udio e ou\u00e7a:<\/p>\n\t<div class=\"qtmplayer-playlist-large\">\n\t\t<ul class=\"qtmplayer-playlist\">\n\t\t\t\n\t\t\t\t\t<li class=\"qtmplayer-trackitem\">\n\t\t<img src=\"https:\/\/rna.ao\/rna.ao\/wp-content\/uploads\/2020\/10\/comboio-100x100.jpg\" alt=\"cover\">\t\t<span \t\t\tdata-qtmplayer-cover=\"https:\/\/rna.ao\/rna.ao\/wp-content\/uploads\/2020\/10\/comboio.jpg\"\n\t\t\t\t\t\tdata-qtmplayer-file=\"https:\/\/rna.ao\/rna.ao\/wp-content\/uploads\/2021\/10\/AUGUSTO-OSORIO-13HRS.mp3\"\n\t\t\t\t\t\tdata-qtmplayer-title=\"Comboios do CFL voltam a ligar as Prov\u00edncias do Cuanza-Norte e Malanje a partir de 01 de Novembro\"\n\t\t\t\t\t\tdata-qtmplayer-artist=\"RNA\"\n\t\t\t\t\t\tdata-qtmplayer-link=\"https:\/\/rna.ao\/rna.ao\/2021\/10\/29\/comboios-do-cfl-voltam-a-ligar-as-provincias-do-cuanza-norte-e-malanje-a-partir-de-01-de-novembro\/\"\n\t\t\t\t\t\tdata-qtmplayer-icon=\"file_download\"\n\t\t\t\t\t\tdata-qtmplayer-type=\"track\"\n\t\t\t class=\"qtmplayer-play qtmplayer-link-sec qtmplayer-play-btn\"><i class='material-icons'>play_arrow<\/i><\/span>\n\t\t<p>\n\t\t\t<span class=\"qtmplayer-tit\">Comboios do CFL voltam a ligar as Prov\u00edncias do Cuanza-Norte e Malanje a partir de 01 de Novembro<\/span>\n\t\t\t<span class=\"qtmplayer-art\">RNA<\/span>\n\t\t<\/p>\n\t<\/li>\n\t\t<\/ul>\n\t<\/div>\t\t\t\n\t\n<p>Fonte: RNA<\/p>\n","protected":false},"excerpt":{"rendered":"<p>Vinte meses depois da paralisa\u00e7\u00e3o, devido \u00e0 Covid-19, retoma na segunda-feira, 01 de Novembro, o servi\u00e7o de transporte de passageiros, atrav\u00e9s do comboio do Caminho-de-Ferro de Luanda (CFL), para as Prov\u00edncias de Malanje e Cuanza-Norte. De acordo com o porta-voz dos CFL, Augusto Os\u00f3rio, ser\u00e3o realizadas tr\u00eas frequ\u00eancias semanais. Clique ...<\/p>\n","protected":false},"author":8,"featured_media":9607,"comment_status":"closed","ping_status":"closed","sticky":false,"template":"","format":"standard","meta":[],"categories":[121,163],"tags":[],"_links":{"self":[{"href":"https:\/\/rna.ao\/rna.ao\/wp-json\/wp\/v2\/posts\/41388"}],"collection":[{"href":"https:\/\/rna.ao\/rna.ao\/wp-json\/wp\/v2\/posts"}],"about":[{"href":"https:\/\/rna.ao\/rna.ao\/wp-json\/wp\/v2\/types\/post"}],"author":[{"embeddable":true,"href":"https:\/\/rna.ao\/rna.ao\/wp-json\/wp\/v2\/users\/8"}],"replies":[{"embeddable":true,"href":"https:\/\/rna.ao\/rna.ao\/wp-json\/wp\/v2\/comments?post=41388"}],"version-history":[{"count":1,"href":"https:\/\/rna.ao\/rna.ao\/wp-json\/wp\/v2\/posts\/41388\/revisions"}],"predecessor-version":[{"id":41391,"href":"https:\/\/rna.ao\/rna.ao\/wp-json\/wp\/v2\/posts\/41388\/revisions\/41391"}],"wp:featuredmedia":[{"embeddable":true,"href":"https:\/\/rna.ao\/rna.ao\/wp-json\/wp\/v2\/media\/9607"}],"wp:attachment":[{"href":"https:\/\/rna.ao\/rna.ao\/wp-json\/wp\/v2\/media?parent=41388"}],"wp:term":[{"taxonomy":"category","embeddable":true,"href":"https:\/\/rna.ao\/rna.ao\/wp-json\/wp\/v2\/categories?post=41388"},{"taxonomy":"post_tag","embeddable":true,"href":"https:\/\/rna.ao\/rna.ao\/wp-json\/wp\/v2\/tags?post=41388"}],"curies":[{"name":"wp","href":"https:\/\/api.w.org\/{rel}","templated":true}]}}