{"id":41368,"date":"2021-10-29T07:50:26","date_gmt":"2021-10-29T06:50:26","guid":{"rendered":"https:\/\/rna.ao\/rna.ao\/?p=41368"},"modified":"2021-10-29T07:50:26","modified_gmt":"2021-10-29T06:50:26","slug":"angola-vai-continuar-a-defender-o-seu-direito-ao-desenvolvimento-na-cop-26","status":"publish","type":"post","link":"https:\/\/rna.ao\/rna.ao\/2021\/10\/29\/angola-vai-continuar-a-defender-o-seu-direito-ao-desenvolvimento-na-cop-26\/","title":{"rendered":"Angola vai continuar a defender o seu direito ao desenvolvimento na &#8220;COP 26&#8221;"},"content":{"rendered":"<p><img loading=\"lazy\" class=\"size-full wp-image-41375 alignleft\" src=\"https:\/\/rna.ao\/rna.ao\/wp-content\/uploads\/2021\/10\/Giza-gaspar-Martins.jpg\" alt=\"\" width=\"246\" height=\"205\" \/>Angola apresenta na &#8220;COP 26&#8221; a sua estrat\u00e9gia nacional, para as altera\u00e7\u00f5es clim\u00e1ticas. De acordo com o Director Nacional do Ambiente e A\u00e7\u00e3o Clim\u00e1tica, Giza Martins, o documento aponta as a\u00e7\u00f5es que Angola deve realizar, para tornar a nossa economia menos vulner\u00e1vel, ao impacto das altera\u00e7\u00f5es clim\u00e1ticas. Clique no \u00e1udio e ou\u00e7a:<\/p>\n<p>&nbsp;<\/p>\n<p>&nbsp;<\/p>\n<p>&nbsp;<\/p>\n\t<div class=\"qtmplayer-playlist-large\">\n\t\t<ul class=\"qtmplayer-playlist\">\n\t\t\t\n\t\t\t\t\t<li class=\"qtmplayer-trackitem\">\n\t\t<img src=\"https:\/\/rna.ao\/rna.ao\/wp-content\/uploads\/2021\/10\/cop26-uk-100x100.jpg\" alt=\"cover\">\t\t<span \t\t\tdata-qtmplayer-cover=\"https:\/\/rna.ao\/rna.ao\/wp-content\/uploads\/2021\/10\/cop26-uk.jpg\"\n\t\t\t\t\t\tdata-qtmplayer-file=\"https:\/\/rna.ao\/rna.ao\/wp-content\/uploads\/2021\/10\/GIZA-MARTINS-2-7HRS.mp3\"\n\t\t\t\t\t\tdata-qtmplayer-title=\"Angola vai continuar a defender o seu direito ao desenvolvimento na &#8220;COP 26&#8221;\"\n\t\t\t\t\t\tdata-qtmplayer-artist=\"RNA\"\n\t\t\t\t\t\tdata-qtmplayer-link=\"https:\/\/rna.ao\/rna.ao\/2021\/10\/29\/angola-vai-continuar-a-defender-o-seu-direito-ao-desenvolvimento-na-cop-26\/\"\n\t\t\t\t\t\tdata-qtmplayer-icon=\"file_download\"\n\t\t\t\t\t\tdata-qtmplayer-type=\"track\"\n\t\t\t class=\"qtmplayer-play qtmplayer-link-sec qtmplayer-play-btn\"><i class='material-icons'>play_arrow<\/i><\/span>\n\t\t<p>\n\t\t\t<span class=\"qtmplayer-tit\">Angola vai continuar a defender o seu direito ao desenvolvimento na &#8220;COP 26&#8221;<\/span>\n\t\t\t<span class=\"qtmplayer-art\">RNA<\/span>\n\t\t<\/p>\n\t<\/li>\n\t\t<\/ul>\n\t<\/div>\t\t\t\n\t\n<p>Giza Martins diz que Angola, apesar de reconhecer a import\u00e2ncia da a\u00e7\u00e3o clim\u00e1tica, vai continuar a defender, na COP 26, o seu direito ao desenvolvimento. Clique no \u00e1udio e ou\u00e7a:<\/p>\n\t<div class=\"qtmplayer-playlist-large\">\n\t\t<ul class=\"qtmplayer-playlist\">\n\t\t\t\n\t\t\t\t\t<li class=\"qtmplayer-trackitem\">\n\t\t<img src=\"https:\/\/rna.ao\/rna.ao\/wp-content\/uploads\/2021\/10\/cop26-uk-100x100.jpg\" alt=\"cover\">\t\t<span \t\t\tdata-qtmplayer-cover=\"https:\/\/rna.ao\/rna.ao\/wp-content\/uploads\/2021\/10\/cop26-uk.jpg\"\n\t\t\t\t\t\tdata-qtmplayer-file=\"https:\/\/rna.ao\/rna.ao\/wp-content\/uploads\/2021\/10\/GIZA-MARTINS-1-7HRS.mp3\"\n\t\t\t\t\t\tdata-qtmplayer-title=\"Angola vai continuar a defender o seu direito ao desenvolvimento na &#8220;COP 26&#8221;\"\n\t\t\t\t\t\tdata-qtmplayer-artist=\"RNA\"\n\t\t\t\t\t\tdata-qtmplayer-link=\"https:\/\/rna.ao\/rna.ao\/2021\/10\/29\/angola-vai-continuar-a-defender-o-seu-direito-ao-desenvolvimento-na-cop-26\/\"\n\t\t\t\t\t\tdata-qtmplayer-icon=\"file_download\"\n\t\t\t\t\t\tdata-qtmplayer-type=\"track\"\n\t\t\t class=\"qtmplayer-play qtmplayer-link-sec qtmplayer-play-btn\"><i class='material-icons'>play_arrow<\/i><\/span>\n\t\t<p>\n\t\t\t<span class=\"qtmplayer-tit\">Angola vai continuar a defender o seu direito ao desenvolvimento na &#8220;COP 26&#8221;<\/span>\n\t\t\t<span class=\"qtmplayer-art\">RNA<\/span>\n\t\t<\/p>\n\t<\/li>\n\t\t<\/ul>\n\t<\/div>\t\t\t\n\t\n<p>A delega\u00e7\u00e3o angolana vai participar na Confer\u00eancia sobre as altera\u00e7\u00f5es clim\u00e1ticas, que arranca dia 31 de Outubro, em Glasgow, na Esc\u00f3cia, onde s\u00e3o esperados l\u00edderes mundiais, membros da sociedade civil, estudiosos do clima, entre outros.<\/p>\n<p>Fonte: RNA<\/p>\n","protected":false},"excerpt":{"rendered":"<p>Angola apresenta na &#8220;COP 26&#8221; a sua estrat\u00e9gia nacional, para as altera\u00e7\u00f5es clim\u00e1ticas. De acordo com o Director Nacional do Ambiente e A\u00e7\u00e3o Clim\u00e1tica, Giza Martins, o documento aponta as a\u00e7\u00f5es que Angola deve realizar, para tornar a nossa economia menos vulner\u00e1vel, ao impacto das altera\u00e7\u00f5es clim\u00e1ticas. Clique no \u00e1udio ...<\/p>\n","protected":false},"author":8,"featured_media":41376,"comment_status":"closed","ping_status":"closed","sticky":false,"template":"","format":"standard","meta":[],"categories":[121,163],"tags":[],"_links":{"self":[{"href":"https:\/\/rna.ao\/rna.ao\/wp-json\/wp\/v2\/posts\/41368"}],"collection":[{"href":"https:\/\/rna.ao\/rna.ao\/wp-json\/wp\/v2\/posts"}],"about":[{"href":"https:\/\/rna.ao\/rna.ao\/wp-json\/wp\/v2\/types\/post"}],"author":[{"embeddable":true,"href":"https:\/\/rna.ao\/rna.ao\/wp-json\/wp\/v2\/users\/8"}],"replies":[{"embeddable":true,"href":"https:\/\/rna.ao\/rna.ao\/wp-json\/wp\/v2\/comments?post=41368"}],"version-history":[{"count":1,"href":"https:\/\/rna.ao\/rna.ao\/wp-json\/wp\/v2\/posts\/41368\/revisions"}],"predecessor-version":[{"id":41377,"href":"https:\/\/rna.ao\/rna.ao\/wp-json\/wp\/v2\/posts\/41368\/revisions\/41377"}],"wp:featuredmedia":[{"embeddable":true,"href":"https:\/\/rna.ao\/rna.ao\/wp-json\/wp\/v2\/media\/41376"}],"wp:attachment":[{"href":"https:\/\/rna.ao\/rna.ao\/wp-json\/wp\/v2\/media?parent=41368"}],"wp:term":[{"taxonomy":"category","embeddable":true,"href":"https:\/\/rna.ao\/rna.ao\/wp-json\/wp\/v2\/categories?post=41368"},{"taxonomy":"post_tag","embeddable":true,"href":"https:\/\/rna.ao\/rna.ao\/wp-json\/wp\/v2\/tags?post=41368"}],"curies":[{"name":"wp","href":"https:\/\/api.w.org\/{rel}","templated":true}]}}