{"id":41361,"date":"2021-10-29T07:28:22","date_gmt":"2021-10-29T06:28:22","guid":{"rendered":"https:\/\/rna.ao\/rna.ao\/?p=41361"},"modified":"2021-10-29T07:28:22","modified_gmt":"2021-10-29T06:28:22","slug":"lancado-mais-um-projecto-de-captacao-de-agua-no-rio-cunene","status":"publish","type":"post","link":"https:\/\/rna.ao\/rna.ao\/2021\/10\/29\/lancado-mais-um-projecto-de-captacao-de-agua-no-rio-cunene\/","title":{"rendered":"Lan\u00e7ado mais um projecto de capta\u00e7\u00e3o de \u00e1gua no Rio Cunene"},"content":{"rendered":"<p><img loading=\"lazy\" class=\"size-full wp-image-41366 alignleft\" src=\"https:\/\/rna.ao\/rna.ao\/wp-content\/uploads\/2021\/10\/Joao-Baptista-Borges.jpg\" alt=\"\" width=\"294\" height=\"215\" \/>Come\u00e7am, dentro de dias, as obras estruturantes de combate aos efeitos da seca, na Prov\u00edncia do Cunene. A afirma\u00e7\u00e3o \u00e9 do Ministro da Energia e \u00c1guas, Jo\u00e3o Baptista Borges, que acrescenta que as obras v\u00e3o ser feitas na margem do Rio Cunene. Clique, no \u00e1udio abaixo, e ou\u00e7a o detalhe da informa\u00e7\u00e3o com o rep\u00f3rter Leo Adriano:<\/p>\n<p>&nbsp;<\/p>\n<p>&nbsp;<\/p>\n<p>&nbsp;<\/p>\n\t<div class=\"qtmplayer-playlist-large\">\n\t\t<ul class=\"qtmplayer-playlist\">\n\t\t\t\n\t\t\t\t\t<li class=\"qtmplayer-trackitem\">\n\t\t<img src=\"https:\/\/rna.ao\/rna.ao\/wp-content\/uploads\/2021\/10\/Joao-Baptista-Borges-100x100.jpg\" alt=\"cover\">\t\t<span \t\t\tdata-qtmplayer-cover=\"https:\/\/rna.ao\/rna.ao\/wp-content\/uploads\/2021\/10\/Joao-Baptista-Borges.jpg\"\n\t\t\t\t\t\tdata-qtmplayer-file=\"https:\/\/rna.ao\/rna.ao\/wp-content\/uploads\/2021\/10\/CUNENE-PROJECTOS-ESTROTURANTES-07HRS.mp3\"\n\t\t\t\t\t\tdata-qtmplayer-title=\"Lan\u00e7ado mais um projecto de capta\u00e7\u00e3o de \u00e1gua no Rio Cunene\"\n\t\t\t\t\t\tdata-qtmplayer-artist=\"RNA\"\n\t\t\t\t\t\tdata-qtmplayer-link=\"https:\/\/rna.ao\/rna.ao\/2021\/10\/29\/lancado-mais-um-projecto-de-captacao-de-agua-no-rio-cunene\/\"\n\t\t\t\t\t\tdata-qtmplayer-icon=\"file_download\"\n\t\t\t\t\t\tdata-qtmplayer-type=\"track\"\n\t\t\t class=\"qtmplayer-play qtmplayer-link-sec qtmplayer-play-btn\"><i class='material-icons'>play_arrow<\/i><\/span>\n\t\t<p>\n\t\t\t<span class=\"qtmplayer-tit\">Lan\u00e7ado mais um projecto de capta\u00e7\u00e3o de \u00e1gua no Rio Cunene<\/span>\n\t\t\t<span class=\"qtmplayer-art\">RNA<\/span>\n\t\t<\/p>\n\t<\/li>\n\t\t<\/ul>\n\t<\/div>\t\t\t\n\t\n<p>Fonte: RNA<\/p>\n","protected":false},"excerpt":{"rendered":"<p>Come\u00e7am, dentro de dias, as obras estruturantes de combate aos efeitos da seca, na Prov\u00edncia do Cunene. A afirma\u00e7\u00e3o \u00e9 do Ministro da Energia e \u00c1guas, Jo\u00e3o Baptista Borges, que acrescenta que as obras v\u00e3o ser feitas na margem do Rio Cunene. Clique, no \u00e1udio abaixo, e ou\u00e7a o detalhe ...<\/p>\n","protected":false},"author":8,"featured_media":41366,"comment_status":"closed","ping_status":"closed","sticky":false,"template":"","format":"standard","meta":[],"categories":[142,121,163],"tags":[],"_links":{"self":[{"href":"https:\/\/rna.ao\/rna.ao\/wp-json\/wp\/v2\/posts\/41361"}],"collection":[{"href":"https:\/\/rna.ao\/rna.ao\/wp-json\/wp\/v2\/posts"}],"about":[{"href":"https:\/\/rna.ao\/rna.ao\/wp-json\/wp\/v2\/types\/post"}],"author":[{"embeddable":true,"href":"https:\/\/rna.ao\/rna.ao\/wp-json\/wp\/v2\/users\/8"}],"replies":[{"embeddable":true,"href":"https:\/\/rna.ao\/rna.ao\/wp-json\/wp\/v2\/comments?post=41361"}],"version-history":[{"count":1,"href":"https:\/\/rna.ao\/rna.ao\/wp-json\/wp\/v2\/posts\/41361\/revisions"}],"predecessor-version":[{"id":41367,"href":"https:\/\/rna.ao\/rna.ao\/wp-json\/wp\/v2\/posts\/41361\/revisions\/41367"}],"wp:featuredmedia":[{"embeddable":true,"href":"https:\/\/rna.ao\/rna.ao\/wp-json\/wp\/v2\/media\/41366"}],"wp:attachment":[{"href":"https:\/\/rna.ao\/rna.ao\/wp-json\/wp\/v2\/media?parent=41361"}],"wp:term":[{"taxonomy":"category","embeddable":true,"href":"https:\/\/rna.ao\/rna.ao\/wp-json\/wp\/v2\/categories?post=41361"},{"taxonomy":"post_tag","embeddable":true,"href":"https:\/\/rna.ao\/rna.ao\/wp-json\/wp\/v2\/tags?post=41361"}],"curies":[{"name":"wp","href":"https:\/\/api.w.org\/{rel}","templated":true}]}}