{"id":41359,"date":"2021-10-29T07:38:41","date_gmt":"2021-10-29T06:38:41","guid":{"rendered":"https:\/\/rna.ao\/rna.ao\/?p=41359"},"modified":"2021-10-29T07:38:41","modified_gmt":"2021-10-29T06:38:41","slug":"pais-vai-ter-uma-reserva-alimentar-para-o-aumento-da-producao-e-do-consumo","status":"publish","type":"post","link":"https:\/\/rna.ao\/rna.ao\/2021\/10\/29\/pais-vai-ter-uma-reserva-alimentar-para-o-aumento-da-producao-e-do-consumo\/","title":{"rendered":"Pa\u00eds vai ter uma reserva alimentar para o aumento da produ\u00e7\u00e3o e do consumo"},"content":{"rendered":"<p><img loading=\"lazy\" class=\"size-full wp-image-41371 aligncenter\" src=\"https:\/\/rna.ao\/rna.ao\/wp-content\/uploads\/2021\/10\/Conselho-de-Ministros.jpg\" alt=\"\" width=\"720\" height=\"480\" \/>O Conselho de Ministros reuniu quinta-feira, 28 de Outubro, em Luanda, no Pal\u00e1cio Presidencial, na sua d\u00e9cima sess\u00e3o ordin\u00e1ria, sob orienta\u00e7\u00e3o do Presidente da Rep\u00fablica, Jo\u00e3o Louren\u00e7o. o Governo aprovou um memorando que cont\u00e9m medidas tempor\u00e1rias, que visam a oferta de bens essenciais, no \u00e2mbito da estabiliza\u00e7\u00e3o macroecon\u00f3mica. Na reuni\u00e3o, foi tamb\u00e9m anunciada a implementa\u00e7\u00e3o de uma reserva alimentar no pa\u00eds, e o aumento da produ\u00e7\u00e3o e do consumo. Saiba mais, no \u00e1udio abaixo, com a jornalista J\u00falia Gon\u00e7alves:<\/p>\n\t<div class=\"qtmplayer-playlist-large\">\n\t\t<ul class=\"qtmplayer-playlist\">\n\t\t\t\n\t\t\t\t\t<li class=\"qtmplayer-trackitem\">\n\t\t<img src=\"https:\/\/rna.ao\/rna.ao\/wp-content\/uploads\/2021\/02\/Mario-Caetano-Joao-17-02-100x100.jpg\" alt=\"cover\">\t\t<span \t\t\tdata-qtmplayer-cover=\"https:\/\/rna.ao\/rna.ao\/wp-content\/uploads\/2021\/02\/Mario-Caetano-Joao-17-02.jpg\"\n\t\t\t\t\t\tdata-qtmplayer-file=\"https:\/\/rna.ao\/rna.ao\/wp-content\/uploads\/2021\/10\/JULIA-GONCALVES-07HRS.mp3\"\n\t\t\t\t\t\tdata-qtmplayer-title=\"Pa\u00eds vai ter uma reserva alimentar para o aumento da produ\u00e7\u00e3o e do consumo\"\n\t\t\t\t\t\tdata-qtmplayer-artist=\"RNA\"\n\t\t\t\t\t\tdata-qtmplayer-link=\"https:\/\/rna.ao\/rna.ao\/2021\/10\/29\/pais-vai-ter-uma-reserva-alimentar-para-o-aumento-da-producao-e-do-consumo\/\"\n\t\t\t\t\t\tdata-qtmplayer-icon=\"file_download\"\n\t\t\t\t\t\tdata-qtmplayer-type=\"track\"\n\t\t\t class=\"qtmplayer-play qtmplayer-link-sec qtmplayer-play-btn\"><i class='material-icons'>play_arrow<\/i><\/span>\n\t\t<p>\n\t\t\t<span class=\"qtmplayer-tit\">Pa\u00eds vai ter uma reserva alimentar para o aumento da produ\u00e7\u00e3o e do consumo<\/span>\n\t\t\t<span class=\"qtmplayer-art\">RNA<\/span>\n\t\t<\/p>\n\t<\/li>\n\t\t<\/ul>\n\t<\/div>\t\t\t\n\t\n<p>Fonte: RNA<\/p>\n","protected":false},"excerpt":{"rendered":"<p>O Conselho de Ministros reuniu quinta-feira, 28 de Outubro, em Luanda, no Pal\u00e1cio Presidencial, na sua d\u00e9cima sess\u00e3o ordin\u00e1ria, sob orienta\u00e7\u00e3o do Presidente da Rep\u00fablica, Jo\u00e3o Louren\u00e7o. o Governo aprovou um memorando que cont\u00e9m medidas tempor\u00e1rias, que visam a oferta de bens essenciais, no \u00e2mbito da estabiliza\u00e7\u00e3o macroecon\u00f3mica. Na reuni\u00e3o, ...<\/p>\n","protected":false},"author":8,"featured_media":17541,"comment_status":"closed","ping_status":"closed","sticky":false,"template":"","format":"standard","meta":[],"categories":[142,121,163],"tags":[],"_links":{"self":[{"href":"https:\/\/rna.ao\/rna.ao\/wp-json\/wp\/v2\/posts\/41359"}],"collection":[{"href":"https:\/\/rna.ao\/rna.ao\/wp-json\/wp\/v2\/posts"}],"about":[{"href":"https:\/\/rna.ao\/rna.ao\/wp-json\/wp\/v2\/types\/post"}],"author":[{"embeddable":true,"href":"https:\/\/rna.ao\/rna.ao\/wp-json\/wp\/v2\/users\/8"}],"replies":[{"embeddable":true,"href":"https:\/\/rna.ao\/rna.ao\/wp-json\/wp\/v2\/comments?post=41359"}],"version-history":[{"count":1,"href":"https:\/\/rna.ao\/rna.ao\/wp-json\/wp\/v2\/posts\/41359\/revisions"}],"predecessor-version":[{"id":41372,"href":"https:\/\/rna.ao\/rna.ao\/wp-json\/wp\/v2\/posts\/41359\/revisions\/41372"}],"wp:featuredmedia":[{"embeddable":true,"href":"https:\/\/rna.ao\/rna.ao\/wp-json\/wp\/v2\/media\/17541"}],"wp:attachment":[{"href":"https:\/\/rna.ao\/rna.ao\/wp-json\/wp\/v2\/media?parent=41359"}],"wp:term":[{"taxonomy":"category","embeddable":true,"href":"https:\/\/rna.ao\/rna.ao\/wp-json\/wp\/v2\/categories?post=41359"},{"taxonomy":"post_tag","embeddable":true,"href":"https:\/\/rna.ao\/rna.ao\/wp-json\/wp\/v2\/tags?post=41359"}],"curies":[{"name":"wp","href":"https:\/\/api.w.org\/{rel}","templated":true}]}}